{"id":165008,"date":"2026-02-14T04:54:15","date_gmt":"2026-02-14T04:54:15","guid":{"rendered":"https:\/\/www.europesays.com\/se\/165008\/"},"modified":"2026-02-14T04:54:15","modified_gmt":"2026-02-14T04:54:15","slug":"whatsapp-blockeras-miljontals-anvandare-stangs-ute","status":"publish","type":"post","link":"https:\/\/www.europesays.com\/se\/165008\/","title":{"rendered":"WhatsApp blockeras \u2013 miljontals anv\u00e4ndare st\u00e4ngs ute"},"content":{"rendered":"<p>Utl\u00e4ndska teknikbolag blockeras<\/p>\n<p>\u00c5tg\u00e4rden \u00e4r en del av Kremls bredare strategi att bygga en \u201dsuver\u00e4n\u201d digital infrastruktur d\u00e4r utl\u00e4ndska teknikbolag antingen anpassar sig till rysk lag eller l\u00e4mnar marknaden. <\/p>\n<p>Facebook, Instagram, YouTube och Snapchat \u00e4r redan blockerade eller kraftigt begr\u00e4nsade.<\/p>\n<p>Reaktionerna i Moskva \u00e4r blandade <\/p>\n<p>I Moskva reagerar inv\u00e5narna olika. Vissa s\u00e4ger till Reuters att blockeringen inskr\u00e4nker deras frihet, medan andra menar att det finns tillr\u00e4ckligt m\u00e5nga alternativ. <\/p>\n<p>Aktivister protesterade kortvarigt utanf\u00f6r Roskomnadzor med krav p\u00e5 ett \u201doreglerat internet\u201d.<\/p>\n<p><strong>L\u00e4s ocks\u00e5:<\/strong><br \/><a href=\"https:\/\/www.realtid.se\/bors-finans\/makro\/fran-krigsboom-till-baksmalla-ryssland-narmar-sig-stagnation\" rel=\"nofollow noopener\" target=\"_blank\">Fr\u00e5n krigsboom till baksm\u00e4lla: Ryssland n\u00e4rmar sig stagnation<\/a><\/p>\n<p>Risk f\u00f6r statlig insyn<\/p>\n<p>M\u00e5nga ryssar forts\u00e4tter anv\u00e4nda WhatsApp via VPN, men myndigheterna driver h\u00e5rt p\u00e5 f\u00f6r att MAX ska ta \u00f6ver. <\/p>\n<p>Appen \u00e4r integrerad med flera statliga tj\u00e4nster, vilket enligt kritiker \u00f6kar risken f\u00f6r statlig insyn.<\/p>\n<p>L\u00e4s mer fr\u00e5n Realtid &#8211; v\u00e5rt nyhetsbrev \u00e4r kostnadsfritt:Prenumerera<\/p>\n","protected":false},"excerpt":{"rendered":"Utl\u00e4ndska teknikbolag blockeras \u00c5tg\u00e4rden \u00e4r en del av Kremls bredare strategi att bygga en \u201dsuver\u00e4n\u201d digital infrastruktur d\u00e4r&hellip;\n","protected":false},"author":2,"featured_media":165009,"comment_status":"","ping_status":"","sticky":false,"template":"","format":"standard","meta":{"footnotes":"","_share_on_mastodon":"0"},"categories":[14],"tags":[22,23,26,27,17,21,24,25,28,29,15,16,18,264,34,31,33,32,30,19,20,51,8757,52,53,54],"class_list":["post-165008","post","type-post","status-publish","format-standard","has-post-thumbnail","category-varlden","tag-breaking-news","tag-breakingnews","tag-featured-news","tag-featurednews","tag-headlines","tag-huvudnyheter","tag-latest-news","tag-latestnews","tag-main-news","tag-mainnews","tag-news","tag-nyheter","tag-rubriker","tag-ryssland","tag-se","tag-svenska","tag-sverige","tag-sweden","tag-swedish","tag-top-stories","tag-topstories","tag-varlden","tag-whatsapp","tag-world","tag-world-news","tag-worldnews"],"share_on_mastodon":{"url":"https:\/\/pubeurope.com\/@se\/116067202721755644","error":""},"_links":{"self":[{"href":"https:\/\/www.europesays.com\/se\/wp-json\/wp\/v2\/posts\/165008","targetHints":{"allow":["GET"]}}],"collection":[{"href":"https:\/\/www.europesays.com\/se\/wp-json\/wp\/v2\/posts"}],"about":[{"href":"https:\/\/www.europesays.com\/se\/wp-json\/wp\/v2\/types\/post"}],"author":[{"embeddable":true,"href":"https:\/\/www.europesays.com\/se\/wp-json\/wp\/v2\/users\/2"}],"replies":[{"embeddable":true,"href":"https:\/\/www.europesays.com\/se\/wp-json\/wp\/v2\/comments?post=165008"}],"version-history":[{"count":0,"href":"https:\/\/www.europesays.com\/se\/wp-json\/wp\/v2\/posts\/165008\/revisions"}],"wp:featuredmedia":[{"embeddable":true,"href":"https:\/\/www.europesays.com\/se\/wp-json\/wp\/v2\/media\/165009"}],"wp:attachment":[{"href":"https:\/\/www.europesays.com\/se\/wp-json\/wp\/v2\/media?parent=165008"}],"wp:term":[{"taxonomy":"category","embeddable":true,"href":"https:\/\/www.europesays.com\/se\/wp-json\/wp\/v2\/categories?post=165008"},{"taxonomy":"post_tag","embeddable":true,"href":"https:\/\/www.europesays.com\/se\/wp-json\/wp\/v2\/tags?post=165008"}],"curies":[{"name":"wp","href":"https:\/\/api.w.org\/{rel}","templated":true}]}}