{"id":165099,"date":"2026-02-14T07:52:24","date_gmt":"2026-02-14T07:52:24","guid":{"rendered":"https:\/\/www.europesays.com\/se\/165099\/"},"modified":"2026-02-14T07:52:24","modified_gmt":"2026-02-14T07:52:24","slug":"expressen-i-gaza-besoker-israelisk-militar-postering","status":"publish","type":"post","link":"https:\/\/www.europesays.com\/se\/165099\/","title":{"rendered":"Expressen i Gaza \u2013 bes\u00f6ker israelisk milit\u00e4r postering"},"content":{"rendered":"<p>Vidstr\u00e4ckt f\u00f6r\u00f6delse och \u00f6desm\u00e4ttad tystnad.\u00a0<\/p>\n<p>Det m\u00f6ter Expressens uts\u00e4nde som f\u00f6rsta svenska journalist i Gaza sedan krigsutbrottet.<\/p>\n<p>N\u00e4r skottlossning pl\u00f6tsligt ekar \u00f6ver det s\u00f6nderbombade landskapet blir vapenvilans sk\u00f6rhet tydlig \u2013 600 m\u00e4nniskor har d\u00f6dats sedan den tr\u00e4dde i kraft.\u00a0<\/p>\n<p>H\u00e4r vaktar IDF den &#8221;gula linjen&#8221;<img loading=\"lazy\"   alt=\"\"\/><\/p>\n<p>Israeliska soldater p\u00e5 vakt i en postering inne i Gaza.<\/p>\n<p>Foto: ARNE LAPIDUS<\/p>\n<p>\u00d6ppna bild i helsk\u00e4rm<img loading=\"lazy\"   alt=\"\"\/><\/p>\n<p>Fr\u00e5n den israeliska posteringen ser man f\u00f6r\u00f6delsen i Deir al-Balah i Gaza.<\/p>\n<p>Foto: ARNE LAPIDUS<\/p>\n<p>\u00d6ppna bild i helsk\u00e4rmARTIKELN I KORTHET<\/p>\n<p> Expressen bes\u00f6ker det krigsh\u00e4rjade Gaza som f\u00f6rsta svenska tidning efter krigsutbrottet f\u00f6r mer \u00e4n tv\u00e5 \u00e5r sedan.<\/p>\n<p> Det \u00e4r en s\u00e5 kallad inb\u00e4ddad tur till en israelisk milit\u00e4rpostering i centrala Gaza i arm\u00e9ns regi, det enda s\u00e4ttet f\u00f6r journalister att komma in i omr\u00e5det.<\/p>\n<p> Enligt en milit\u00e4r talesperson \u00e4r soldaternas fr\u00e4msta uppgift att stoppa Hamas fr\u00e5n att ta sig \u00f6ver den \u201dgula\u201d stillest\u00e5ndslinjen och att f\u00f6rst\u00f6ra de Hamastunnlar som finns kvar i omr\u00e5det.<\/p>\n<p>Visa mer<\/p>\n<p>Israeliska soldater riktar sina automatkarbiner ut \u00f6ver jordvallen och spanar \u00f6ver det \u00f6delagda landskapet. Vi befinner oss i en postering inne i <a href=\"https:\/\/www.expressen.se\/tagg\/location\/gaza\/\" class=\"\" rel=\"nofollow noopener\" target=\"_blank\">Gaza<\/a> runt 200 meter fr\u00e5n den s\u00e5 kallade gula linjen dit Israel drog sig tillbaka efter avtalet om eldupph\u00f6r i oktober.<\/p>\n<p>Soldaterna h\u00e4r har en uppgift: att se till att inga palestinier tar sig \u00f6ver linjen som markeras med gula betongklumpar \u2013 vilka syns i terr\u00e4ngen d\u00e4r allt annat \u00e4r j\u00e4mnat med marken. D\u00e4r finns bara spillror, mer eller mindre pulvriserade, av det som en g\u00e5ng var hus i utkanten av staden Deir al-Balah i centrala Gaza.<\/p>\n<p><img loading=\"lazy\"   alt=\"\"\/><\/p>\n<p>Fr\u00e5n den israeliska posteringen ser man f\u00f6r\u00f6delsen i Deir al-Balah i Gaza.<\/p>\n<p>Foto: ARNE LAPIDUS<\/p>\n<p>\u00d6ppna bild i helsk\u00e4rm\u201dHamas bryter avtalet varje dag\u201d<\/p>\n<p>N\u00e5gra kilometer l\u00e4ngre bort avtecknar sig h\u00f6gre byggnader och mosk\u00e9er mot horisonten.<\/p>\n<p>\u2013 V\u00e5rt fr\u00e4msta jobb i den h\u00e4r posteringen \u00e4r att se till att Hamas inte bryter mot avtalet genom att ta sig \u00f6ver den gula linjen. Vilket de g\u00f6r varje dag. Bara den h\u00e4r veckan har de \u00f6ppnat eld tre g\u00e5nger mot v\u00e5ra trupper, s\u00e4ger \u00f6verstel\u00f6jtnant Nadav Shoshani, som \u00e4r den israeliska milit\u00e4rens talesperson f\u00f6r internationella medier.<\/p>\n<p>\u2013 V\u00e5r andra uppgift h\u00e4r \u00e4r att demolera terroristernas infrastruktur, fr\u00e4mst tunnlar. Vi hittar nya varje vecka. Vi spr\u00e4nger dem eller fyller dem med betong, s\u00e4ger han.<\/p>\n<p><img loading=\"lazy\"   alt=\"\"\/><\/p>\n<p>\u00d6verstel\u00f6jtnant Nadav Shoshani s\u00e4ger att den fr\u00e4msta uppgiften \u00e4r att hindra Hamas fr\u00e5n att korsa den gula linjen.<\/p>\n<p>Foto: ARNE LAPIDUS<\/p>\n<p>\u00d6ppna bild i helsk\u00e4rm<\/p>\n<p>Israel har st\u00e4ngt Gaza f\u00f6r journalister sedan kriget inleddes, n\u00e5got som v\u00e4cker stark kritik hos b\u00e5de israeliska och internationella medieorganisationer. Enda s\u00e4ttet att ta sig in \u00e4r att f\u00f6lja med den israeliska armen som \u201dinb\u00e4ddad\u201d och \u00e4ven den m\u00f6jligheten ges s\u00e4llan till utl\u00e4ndska journalister.<\/p>\n<p>Nu \u00e4r Expressen och ett tiotal andra internationella medier p\u00e5 plats inne i krigsomr\u00e5det p\u00e5 en presstur. Vi k\u00f6r in i Gaza via Kissufim, en av de gr\u00e4ns\u00f6verg\u00e5ngar d\u00e4r ocks\u00e5 n\u00f6dhj\u00e4lp till Gaza passerar. Strax efter gr\u00e4nsen st\u00e5r hundratals containrar med f\u00f6rn\u00f6denheter p\u00e5 en uppst\u00e4llningsplats, redo f\u00f6r avh\u00e4mtning.<\/p>\n<p><img loading=\"lazy\"   alt=\"\"\/><\/p>\n<p>Containrar med n\u00f6dhj\u00e4lp v\u00e4ntar p\u00e5 att bli upph\u00e4mtade inne i Gaza.<\/p>\n<p>Foto: ARNE LAPIDUS<\/p>\n<p>\u00d6ppna bild i helsk\u00e4rmIsrael har 53 procent<\/p>\n<p>Det milit\u00e4ra terr\u00e4ngfordonet av typ Humvee k\u00f6r i h\u00f6g fart den korta str\u00e4ckan till posteringen. Delar av v\u00e4gen \u00e4r kantade med skyddande jordvallar.<\/p>\n<p>Vi befinner oss p\u00e5 den Israelkontrollerade \u00f6stra sidan av den gula linjen, som utg\u00f6r 53 procent av Gaza. D\u00e4r finns n\u00e4stan inga palestinier, praktiskt taget alla Gazas tv\u00e5 miljoner inv\u00e5nare befinner sig p\u00e5 den Hamaskontrollerade sidan. I Gaza r\u00e5der utbredd mis\u00e4r och n\u00f6d, m\u00e5nga m\u00e4nniskor \u00e4r heml\u00f6sa eller bor i t\u00e4lt. F\u00f6rn\u00f6denheter kommer in men l\u00e5ngt ifr\u00e5n tillr\u00e4ckligt, enligt internationella hj\u00e4lporganisationer.<\/p>\n<p><img loading=\"lazy\"   alt=\"\"\/>\u00d6ppna bild i helsk\u00e4rm<\/p>\n<p>\u201dFlyganfall, beskjutning och skottlossning forts\u00e4tter i Gaza, v\u00e5llar f\u00f6rluster och uts\u00e4tter civila, ocks\u00e5 hj\u00e4lparbetare och medicinska team, f\u00f6r d\u00f6dliga risker\u201d, skriver FN-organet Ocha i sin senaste rapport.<\/p>\n<p>Kvinnor och barn bland de d\u00f6da<\/p>\n<p>Eldupph\u00f6r r\u00e5der officiellt, men kriget forts\u00e4tter. B\u00e5de Hamas och Israel \u00e4r redo f\u00f6r en ny rond trots att Donald Trumps fredsplan redan \u00e4r inne i Fas 2.<\/p>\n<p>Annons<\/p>\n<p>N\u00e4ra 600 palestinier har d\u00f6dats sedan avtalet tr\u00e4dde i kraft i oktober, enligt det Hamaskontrollerade h\u00e4lsodepartementet i Gaza. Israel s\u00e4ger att man sl\u00e5r till mot Hamasm\u00e5l och att terrorgruppen bygger upp sin styrka p\u00e5 nytt. Men m\u00e5nga d\u00f6da \u00e4r kvinnor och barn.\u00a0<\/p>\n<p>M\u00e5nga har ocks\u00e5 d\u00f6dats n\u00e4r de korsat den gula linjen. Enligt Nadav Shoshani \u00e4r det Hamas som f\u00f6rm\u00e5r civila att n\u00e4rma sig och ta sig \u00f6ver gr\u00e4nsen.\u00a0<\/p>\n<p>\u2013 Det \u00e4r mycket l\u00e4tt att se de gula gr\u00e4nsmarkeringarna. Men Hamas tar sig \u00f6ver dagligen f\u00f6r att testa och attackera v\u00e5ra trupper. Hamas pressar ocks\u00e5 andra att f\u00f6rs\u00f6ka ta sig \u00f6ver, s\u00e4ger han.\u00a0<\/p>\n<p><img loading=\"lazy\"   alt=\"\"\/><\/p>\n<p>Israeliska soldater p\u00e5 vakt i en postering inne i Gaza.<\/p>\n<p>Foto: ARNE LAPIDUS<\/p>\n<p>\u00d6ppna bild i helsk\u00e4rmNy offensiv f\u00f6rbereds<\/p>\n<p>\u2013 Ocks\u00e5 den h\u00e4r posteringen har attackerats. Hamasm\u00e4n korsade linjen i en bil och \u00f6ppnade eld. Men vi lyckades avv\u00e4rja hotet och eliminera terroristerna, s\u00e4ger han.<\/p>\n<p><a href=\"https:\/\/www.timesofisrael.com\/idf-readying-new-gaza-offensive-to-disarm-hamas-by-force\/\" rel=\"nofollow noopener\" target=\"_blank\">Enligt israeliska medieuppgifter<\/a> f\u00f6rbereder milit\u00e4ren en ny storoffensiv mot Hamas f\u00f6r att avv\u00e4pna gruppen. Hamas skulle gradvis \u00f6verl\u00e4mna sina vapen, enligt Trumps fredsplan och avtalet om vapenvila \u2013 men s\u00e4ger nu att de v\u00e4grar att g\u00f6ra det.\u00a0<\/p>\n<p>\u2013 Vi uppfyller v\u00e5ra \u00e5taganden enligt avtalet, problemet \u00e4r att Hamas inte g\u00f6r det. Hamas gick med p\u00e5 att \u00f6verl\u00e4mna sina vapen men v\u00e4grar nu. Vi beh\u00f6ver se dem g\u00f6ra det f\u00f6r att b\u00e5da sidor ska kunna g\u00e5 vidare med avtalet, s\u00e4ger Nadav Shoshani.<\/p>\n<p>Skottlossning och dr\u00f6nare<\/p>\n<p>Under v\u00e5rt samtal h\u00f6rs skottlossning, oklart fr\u00e5n vilken sida av den gula linjen. Hela tiden surrar dr\u00f6nare som cirkulerar \u00f6ver posteringen och det kringliggande omr\u00e5det.\u00a0<\/p>\n<p>Trots att den h\u00e4r posteringen enligt Nadav Shoshani varit under attack \u00e4r st\u00e4mningen bland soldaterna avsp\u00e4nd. De som h\u00e5ller vakt har full s\u00e4kerhetsutrustning och pekar ofta med sina automatkarbiner ut \u00f6ver vallen. Men nere bland barackerna sitter soldater i undertr\u00f6ja, spelar br\u00e4de och dricker cola. En tr\u00e4nar i ett provisoriskt gym.<\/p>\n<p><img loading=\"lazy\"   alt=\"\"\/><\/p>\n<p>Fr\u00e5n den israeliska posteringen ser man f\u00f6r\u00f6delsen i Deir al-Balah i Gaza.<\/p>\n<p>Foto: ARNE LAPIDUS<\/p>\n<p>\u00d6ppna bild i helsk\u00e4rm<\/p>\n<p>Att vi fr\u00e5n denna postering inte ser samma utbredda f\u00f6r\u00f6delse som p\u00e5 m\u00e5nga andra platser i Gaza beror p\u00e5 att staden och flyktingl\u00e4gret Deir al-Balah \u00e4r ett av de relativt sett minst skadade omr\u00e5dena i Gaza under kriget. <a href=\"https:\/\/www.haaretz.com\/gaza\/2025-07-17\/ty-article-magazine\/.premium\/satellite-data-shows-at-least-70-percent-of-gaza-buildings-leveled\/00000198-12de-d9c7-af98-7adffc8f0000\" rel=\"nofollow noopener\" target=\"_blank\">F\u00e4rre \u00e4n h\u00e4lften av byggnaderna f\u00f6rst\u00f6rdes;<\/a> siffran f\u00f6r andra platser \u00e4r betydligt h\u00f6gre.\u00a0<\/p>\n<p>Smalaste st\u00e4llet<\/p>\n<p>Israel gick inte in med marktrupper i Deir al-Balah f\u00f6rr\u00e4n i juli f\u00f6rra \u00e5ret, n\u00e4stan tv\u00e5 \u00e5r efter krigsutbrottet. Detta f\u00f6r att man inte ville riskera gisslans liv. Hamas misst\u00e4nktes h\u00e5lla m\u00e5nga av de kidnappade israelerna i just i det omr\u00e5det.<\/p>\n<p>Deir al-Balah ligger d\u00e4r Gaza \u00e4r som smalast. D\u00e4r \u00e4r det sex kilometer fr\u00e5n Medelhavet till den israeliska gr\u00e4nsen. \u00a0Och bara tv\u00e5, tre kilometer fr\u00e5n stadens \u00f6stligaste delar till gr\u00e4nsst\u00e4ngslet som Hamas \u00f6verraskande l\u00e4tt forcerade den 7 oktober 2023 n\u00e4r terroristerna d\u00f6dade 1 200 m\u00e4nniskor i israeliska gr\u00e4nssamh\u00e4llen och p\u00e5 en musikfestival \u2013 i den massaker som ut\u00f6ste Gazakriget i vilket 70 000 palestinier har d\u00f6dats, enligt palestinska uppgifter.<\/p>\n<p>Vi k\u00f6r ut fr\u00e5n Gaza utan att ha sett n\u00e5gra levande varelser f\u00f6rutom israeliska soldater. Men strax f\u00f6re utfarten kommer tv\u00e5 herrel\u00f6sa hundar av obest\u00e4mbar ras springande l\u00e4ngs v\u00e4gen. Den ena svart och den andra brun.<\/p>\n<p>De israeliska milit\u00e4ra styrkorna, IDF, har beg\u00e4rt att i f\u00f6rv\u00e4g f\u00e5 se de bilder Expressen publicerar fr\u00e5n den milit\u00e4ra utposten i Gaza.<\/p>\n<p>Kritik mot inb\u00e4ddning<\/p>\n<p> Israeliska och internationella medieorganisationer riktar skarp kritik mot att Israel inte fritt sl\u00e4pper in journalister i Gaza, utan bara till\u00e5ter \u201dinb\u00e4ddade\u201d turer i milit\u00e4rens regi.<\/p>\n<p> Foreign Press Association (FPA), utrikesjournalisternas f\u00f6rening i Jerusalem, v\u00e4nde sig till den israeliska H\u00f6gsta domstolen, redan f\u00f6r mer \u00e4n tv\u00e5 \u00e5r sedan f\u00f6r att f\u00e5 f\u00f6rbudet upph\u00e4vt.\u00a0<\/p>\n<p> Domstolen har g\u00e5ng p\u00e5 g\u00e5ng gett staten, som h\u00e4vdar \u201ds\u00e4kerhetssk\u00e4l\u201d, ytterligare tid att komma in med ett svar. N\u00e4sta tidsgr\u00e4ns \u00e4r den 31 mars.<\/p>\n<p> \u201dUtest\u00e4ngningen av journalister har p\u00e5g\u00e5tt allt f\u00f6r l\u00e4nge. Som journalister \u00e4r det v\u00e5r plikt att vara p\u00e5 f\u00e4ltet \u00e4ven i farliga situationer och rapportera det vi ser och v\u00e5ra f\u00f6rstahandsintryck samt unders\u00f6ka motstridiga uppgifter\u201d, s\u00e4ger den tyska journalisten Tania Kr\u00e4mer, ordf\u00f6rande i FPA, till Expressen.<\/p>\n<p>\u201dI mer \u00e4n tv\u00e5 \u00e5r har den israeliska regeringen inte till\u00e5tit utl\u00e4ndska medier att sj\u00e4lvst\u00e4ndigt komma in i Gaza f\u00f6r att rapportera om krigets fruktansv\u00e4rda konsekvenser f\u00f6r de tv\u00e5 miljoner inv\u00e5narna. Korta och h\u00e5rt kontrollerade inb\u00e4ddade bes\u00f6k med milit\u00e4ren ers\u00e4tter inte sj\u00e4lvst\u00e4ndig rapportering\u201d, s\u00e4ger hon.<\/p>\n<p>Visa mer<img loading=\"lazy\"   alt=\"\"\/><\/p>\n<p>Expressens reporter Arne Lapidus p\u00e5 plats i Gaza.<\/p>\n<p>\u00d6ppna bild i helsk\u00e4rm<strong>L\u00c4S MER: <\/strong><a href=\"https:\/\/www.expressen.se\/nyheter\/varlden\/karin-tranar-poliser-i-gaza-nyckelroll-for-fredsplan\/\" class=\"\" rel=\"nofollow noopener\" target=\"_blank\">Karin tr\u00e4nar poliser i Gaza \u2013 nyckelroll f\u00f6r fredsplan<\/a><strong>L\u00c4S MER: <\/strong><a href=\"https:\/\/www.expressen.se\/nyheter\/varlden\/demonstrerar-for-trumps-plan-nu-eller-aldrig\/\" class=\"\" rel=\"nofollow noopener\" target=\"_blank\">Demonstrerar f\u00f6r Trumps plan: \u201dNu eller aldrig\u201d<\/a><strong>L\u00c4S MER: <\/strong><a href=\"https:\/\/www.expressen.se\/kronikorer\/erik-wiman\/erik-wiman-om-israels-attacker-mot-centrala-gaza-i-natt\/\" class=\"\" rel=\"nofollow noopener\" target=\"_blank\">Barnen borde sova men himlen brinner<\/a><\/p>\n","protected":false},"excerpt":{"rendered":"Vidstr\u00e4ckt f\u00f6r\u00f6delse och \u00f6desm\u00e4ttad tystnad.\u00a0 Det m\u00f6ter Expressens uts\u00e4nde som f\u00f6rsta svenska journalist i Gaza sedan krigsutbrottet. N\u00e4r&hellip;\n","protected":false},"author":2,"featured_media":165100,"comment_status":"","ping_status":"","sticky":false,"template":"","format":"standard","meta":{"footnotes":"","_share_on_mastodon":"0"},"categories":[14],"tags":[22,23,26,27,17,21,24,25,56,58,28,29,15,1552,16,1806,198,18,34,55,31,33,32,30,19,60,20,51,52,53,54],"class_list":["post-165099","post","type-post","status-publish","format-standard","has-post-thumbnail","category-varlden","tag-breaking-news","tag-breakingnews","tag-featured-news","tag-featurednews","tag-headlines","tag-huvudnyheter","tag-latest-news","tag-latestnews","tag-location-gaza","tag-location-israel","tag-main-news","tag-mainnews","tag-news","tag-newsstory-kriget-mellan-hamas-och-israel","tag-nyheter","tag-organization-hamas","tag-person-donald-trump","tag-rubriker","tag-se","tag-sections-varlden","tag-svenska","tag-sverige","tag-sweden","tag-swedish","tag-top-stories","tag-topic-krig-konflikt","tag-topstories","tag-varlden","tag-world","tag-world-news","tag-worldnews"],"share_on_mastodon":{"url":"https:\/\/pubeurope.com\/@se\/116067902657100965","error":""},"_links":{"self":[{"href":"https:\/\/www.europesays.com\/se\/wp-json\/wp\/v2\/posts\/165099","targetHints":{"allow":["GET"]}}],"collection":[{"href":"https:\/\/www.europesays.com\/se\/wp-json\/wp\/v2\/posts"}],"about":[{"href":"https:\/\/www.europesays.com\/se\/wp-json\/wp\/v2\/types\/post"}],"author":[{"embeddable":true,"href":"https:\/\/www.europesays.com\/se\/wp-json\/wp\/v2\/users\/2"}],"replies":[{"embeddable":true,"href":"https:\/\/www.europesays.com\/se\/wp-json\/wp\/v2\/comments?post=165099"}],"version-history":[{"count":0,"href":"https:\/\/www.europesays.com\/se\/wp-json\/wp\/v2\/posts\/165099\/revisions"}],"wp:featuredmedia":[{"embeddable":true,"href":"https:\/\/www.europesays.com\/se\/wp-json\/wp\/v2\/media\/165100"}],"wp:attachment":[{"href":"https:\/\/www.europesays.com\/se\/wp-json\/wp\/v2\/media?parent=165099"}],"wp:term":[{"taxonomy":"category","embeddable":true,"href":"https:\/\/www.europesays.com\/se\/wp-json\/wp\/v2\/categories?post=165099"},{"taxonomy":"post_tag","embeddable":true,"href":"https:\/\/www.europesays.com\/se\/wp-json\/wp\/v2\/tags?post=165099"}],"curies":[{"name":"wp","href":"https:\/\/api.w.org\/{rel}","templated":true}]}}