{"id":165832,"date":"2026-02-15T09:04:13","date_gmt":"2026-02-15T09:04:13","guid":{"rendered":"https:\/\/www.europesays.com\/se\/165832\/"},"modified":"2026-02-15T09:04:13","modified_gmt":"2026-02-15T09:04:13","slug":"har-kan-terroristenbli-lokalpolitiker-sofie-lowenmark","status":"publish","type":"post","link":"https:\/\/www.europesays.com\/se\/165832\/","title":{"rendered":"H\u00e4r kan terroristen\nbli lokalpolitiker | Sofie L\u00f6wenmark"},"content":{"rendered":"<p>Sofie L\u00f6wenmark<\/p>\n<p>Publicerad 15 feb 2026 kl 07.00<\/p>\n<p>Jihadisten skulle spr\u00e4nga brittiskt konsulat \u2013 nu vill han styra Birmingham.<\/p>\n<p><img   alt=\"\"\/><\/p>\n<p>Shahid Butt d\u00f6mdes 1999 f\u00f6r terrorplaner. Nu kandiderar han i Birmingham.<\/p>\n<p>Foto: Sk\u00e4rmdump\/X<\/p>\n<p>\u00d6ppna bild i helsk\u00e4rm<img loading=\"lazy\"   alt=\"\"\/><\/p>\n<p>Birmingham \u00e4r en stad med stor etnisk m\u00e5ngfald.<\/p>\n<p>Foto: ivosar \/ Shutterstock<\/p>\n<p>\u00d6ppna bild i helsk\u00e4rm<img   alt=\"\"\/>Sofie L\u00f6wenmark<\/p>\n<p>Shahid Butt, 60, v\u00e4xte upp i Storbritannien med pakistansk bakgrund. Han <a href=\"https:\/\/www.bbc.com\/news\/articles\/c9wxwrxn877o\" rel=\"nofollow noopener\" target=\"_blank\">d\u00f6mdes<\/a> i Jemen 1999 f\u00f6r att ha ing\u00e5tt i en terrorcell som planerade att spr\u00e4nga det brittiska konsulatet d\u00e4r. En kyrka och ett hotell fanns ocks\u00e5 bland de utpekade m\u00e5len. M\u00e5let med terrorkomplotten var att driva ut v\u00e4sterl\u00e4ndskt inflytande och uppr\u00e4tta en islamisk stat.<\/p>\n<p>Butt har hela tiden nekat till anklagelserna och h\u00e4vdar att hans erk\u00e4nnande tvingades fram under tortyr.<\/p>\n<p><strong>Men det \u00e4r utrett att Shahid Butt reste till Jemen efter att ha p\u00e5verkats av den \u00f6k\u00e4nde islamisten Abu Hamza al-Masri i London under 1990-talet. Hamzas son och styvson d\u00f6mdes tillsammans med Butt i Jemen, och \u00e5klagarsidan h\u00e4vdade att de reste dit p\u00e5 predikantens uppdrag.<\/strong><\/p>\n<p>F\u00f6re resan till Jemen ska Butt ha <a href=\"https:\/\/www.telegraph.co.uk\/politics\/2026\/02\/08\/yemen-terrorist-standing-for-election-birmingham\/\" rel=\"nofollow noopener\" target=\"_blank\">deltagit<\/a> i strider i b\u00e5de Bosnien och Afghanistan. Vid ett panelsamtal nyligen presenterades han varmt som en \u201df\u00f6re detta mujahideen\u201d, allts\u00e5 en person som deltagit i v\u00e4pnad kamp. Butt sj\u00e4lv har ocks\u00e5 <a href=\"https:\/\/www.standard.co.uk\/news\/uk\/exterrorist-jihad-compassion-councillor-b1269119.html\" rel=\"nofollow noopener\" target=\"_blank\">beskrivit<\/a> v\u00e4pnad jihad som en \u201dmedk\u00e4nnande handling\u201d.\u00a0<\/p>\n<p>Men det som nu v\u00e4cker kontrovers i Storbritannien \u00e4r att samme Shahid Butt st\u00e4ller upp i lokalvalet i Birmingham i maj, med m\u00e5let att bli ledamot i kommunfullm\u00e4ktige. N\u00e5got som ocks\u00e5 har uppm\u00e4rksammats av <a href=\"https:\/\/kvartal.se\/christerelmochantaf\/artiklar\/terrordomde-mannen-kan-ta-plats-i-fullmaktige\/cG9zdDo2MDIxNQ\" rel=\"nofollow noopener\" target=\"_blank\">Kvartals<\/a> Christer El-Mochantaf.\u00a0<\/p>\n<p>S\u00e5 sent som i november <a href=\"https:\/\/www.spiked-online.com\/2026\/01\/28\/meet-the-convicted-terrorist-running-for-birmingham-council\/\" rel=\"nofollow noopener\" target=\"_blank\">uppviglade<\/a> Shahid Butt muslimer inf\u00f6r Europa League-matchen mellan Aston Villa och Maccabi Tel Aviv i Birmingham. I <a href=\"https:\/\/x.com\/habibi_uk\/status\/1987165097534312857\" rel=\"nofollow\">videoklipp<\/a> som spreds i sociala medier s\u00e4ger Butt: \u201dMuslimer \u00e4r inte pacifister \u2013 om n\u00e5gon st\u00e4ller sig f\u00f6r n\u00e4ra dig, sl\u00e5r du ut hans t\u00e4nder.\u201d\u00a0<\/p>\n<blockquote><p>Om extremism inte l\u00e4ngre utg\u00f6r ett politiskt hinder, utan genom religi\u00f6s mobilisering tv\u00e4rtom blir en v\u00e4g till makten, har n\u00e5got fundamentalt f\u00f6rskjutits i det politiska landskapet<\/p><\/blockquote>\n<p>Uppmaningarna kom trots att polisen redan fattat ett kritiserat beslut om att f\u00f6rbjuda Maccabis supportrar att n\u00e4rvara av s\u00e4kerhetssk\u00e4l.<\/p>\n<p><strong>Det \u00e4r knappast f\u00f6rv\u00e5nande att judiska organisationer uttryckt oro inf\u00f6r lokalvalet. Shahid Butt kandiderar som oberoende inom en l\u00f6s allians av Gaza-aktivister och har <\/strong><a href=\"https:\/\/www.telegraph.co.uk\/news\/2026\/02\/01\/muslims-shouldnt-be-friends-with-jews-convicted-terrorist\/\" rel=\"nofollow noopener\" target=\"_blank\"><strong>sagt<\/strong><\/a><strong> rakt ut att muslimer inte ska vara v\u00e4nner med judar och kristna. \u00c4nd\u00e5 p\u00e5st\u00e5r han sig vara den person som kan \u201dena\u201d samh\u00e4llet.<\/strong><\/p>\n<p>Kritiker som varnar f\u00f6r att den tidigare jihadisten faktiskt kan bli invald pekar p\u00e5 demografin i hans valkrets Sparkhill. Enligt Birmingham City Council har \u00f6ver 63 procent av inv\u00e5narna i omr\u00e5det pakistanska r\u00f6tter, omkring 92 procent tillh\u00f6r grupper som klassas som etniska minoriteter och en majoritet uppskattas ha muslimsk bakgrund. Sedan decennier finns en stark islamistisk milj\u00f6 i Birmingham.<\/p>\n<p>D\u00e4rf\u00f6r handlar diskussionen inte bara om Shahid Butt som individ, utan om ett bredare politiskt skifte d\u00e4r religion och internationella konflikter i allt st\u00f6rre utstr\u00e4ckning anv\u00e4nds f\u00f6r att f\u00e5 politisk makt p\u00e5 lokal niv\u00e5.<\/p>\n<p><strong>Butts kandidatur \u00e4r ett stresstest f\u00f6r ett \u00f6ppet demokratiskt system. Om extremism inte l\u00e4ngre utg\u00f6r ett politiskt hinder, utan genom religi\u00f6s mobilisering tv\u00e4rtom blir en v\u00e4g till makten, har n\u00e5got fundamentalt f\u00f6rskjutits i det politiska landskapet. D\u00e5 har politisk islam normaliserats.<\/strong><\/p>\n<p>F\u00f6r Sverige finns goda sk\u00e4l att f\u00f6lja utvecklingen. Det som sker\u00a0i <a href=\"https:\/\/www.expressen.se\/tagg\/location\/storbritannien\/\" class=\"\" rel=\"nofollow noopener\" target=\"_blank\">Storbritannien<\/a> kan vara en f\u00f6raning om hur den svenska lokalpolitiken kan komma att f\u00f6r\u00e4ndras. Att en jihadist som t\u00e4nkte spr\u00e4nga ett brittiskt konsulat nu i st\u00e4llet vill ut\u00f6va politisk makt i landet \u00e4r en varningssignal till alla \u00f6ppna samh\u00e4llen.\u00a0<\/p>\n<p>Den religi\u00f6sa retoriken \u00e4r kvar. Det \u00e4r metoden som har f\u00f6r\u00e4ndrats.<\/p>\n<p>Sofie L\u00f6wenmark \u00e4r frist\u00e5ende kolumnist p\u00e5 Expressens ledarsida. L\u00e4s fler av hennes texter <a href=\"https:\/\/www.expressen.se\/av\/sofie-lowenmark\/\" rel=\"nofollow noopener\" target=\"_blank\">h\u00e4r<\/a>.<\/p>\n<p><strong>L\u00c4S MER: <\/strong><a href=\"https:\/\/www.expressen.se\/ledare\/sofie-lowenmark\/larmet-moskeer-i-sverige--mer-radikala-an-i-syrien\/\" class=\"\" rel=\"nofollow noopener\" target=\"_blank\">Larmet: Mosk\u00e9er i Sverige  mer radikala \u00e4n i Syrien<\/a><strong>L\u00c4S MER: <\/strong><a href=\"https:\/\/www.expressen.se\/ledare\/sofie-lowenmark\/muslimska-natverk--vill-ha-segregation\/\" class=\"\" rel=\"nofollow noopener\" target=\"_blank\">Muslimska n\u00e4tverk  vill ha segregation<\/a><\/p>\n","protected":false},"excerpt":{"rendered":"Sofie L\u00f6wenmark Publicerad 15 feb 2026 kl 07.00 Jihadisten skulle spr\u00e4nga brittiskt konsulat \u2013 nu vill han styra&hellip;\n","protected":false},"author":2,"featured_media":165833,"comment_status":"","ping_status":"","sticky":false,"template":"","format":"standard","meta":{"footnotes":"","_share_on_mastodon":"0"},"categories":[14],"tags":[22,23,26,27,17,21,24,25,11658,3732,56,15044,433,199,4734,28,29,15,16,18,34,149,31,33,32,30,19,2836,20,51,52,53,54],"class_list":["post-165832","post","type-post","status-publish","format-standard","has-post-thumbnail","category-varlden","tag-breaking-news","tag-breakingnews","tag-featured-news","tag-featurednews","tag-headlines","tag-huvudnyheter","tag-latest-news","tag-latestnews","tag-location-birmingham","tag-location-bosnien","tag-location-gaza","tag-location-jemen","tag-location-london","tag-location-storbritannien","tag-location-tel-aviv","tag-main-news","tag-mainnews","tag-news","tag-nyheter","tag-rubriker","tag-se","tag-sections-sofielowenmark","tag-svenska","tag-sverige","tag-sweden","tag-swedish","tag-top-stories","tag-topic-terrorism","tag-topstories","tag-varlden","tag-world","tag-world-news","tag-worldnews"],"share_on_mastodon":{"url":"","error":"Validation failed: Text character limit of 500 exceeded"},"_links":{"self":[{"href":"https:\/\/www.europesays.com\/se\/wp-json\/wp\/v2\/posts\/165832","targetHints":{"allow":["GET"]}}],"collection":[{"href":"https:\/\/www.europesays.com\/se\/wp-json\/wp\/v2\/posts"}],"about":[{"href":"https:\/\/www.europesays.com\/se\/wp-json\/wp\/v2\/types\/post"}],"author":[{"embeddable":true,"href":"https:\/\/www.europesays.com\/se\/wp-json\/wp\/v2\/users\/2"}],"replies":[{"embeddable":true,"href":"https:\/\/www.europesays.com\/se\/wp-json\/wp\/v2\/comments?post=165832"}],"version-history":[{"count":0,"href":"https:\/\/www.europesays.com\/se\/wp-json\/wp\/v2\/posts\/165832\/revisions"}],"wp:featuredmedia":[{"embeddable":true,"href":"https:\/\/www.europesays.com\/se\/wp-json\/wp\/v2\/media\/165833"}],"wp:attachment":[{"href":"https:\/\/www.europesays.com\/se\/wp-json\/wp\/v2\/media?parent=165832"}],"wp:term":[{"taxonomy":"category","embeddable":true,"href":"https:\/\/www.europesays.com\/se\/wp-json\/wp\/v2\/categories?post=165832"},{"taxonomy":"post_tag","embeddable":true,"href":"https:\/\/www.europesays.com\/se\/wp-json\/wp\/v2\/tags?post=165832"}],"curies":[{"name":"wp","href":"https:\/\/api.w.org\/{rel}","templated":true}]}}