{"id":16603,"date":"2025-08-29T11:02:10","date_gmt":"2025-08-29T11:02:10","guid":{"rendered":"https:\/\/www.europesays.com\/se\/16603\/"},"modified":"2025-08-29T11:02:10","modified_gmt":"2025-08-29T11:02:10","slug":"bast-pa-bio-just-nu-emily-in-paris-moter-greta-thunberg-i-laddat-ungdomsdrama","status":"publish","type":"post","link":"https:\/\/www.europesays.com\/se\/16603\/","title":{"rendered":"B\u00e4st p\u00e5 bio just nu: &#8221;Emily in Paris&#8221; m\u00f6ter Greta Thunberg i laddat ungdomsdrama"},"content":{"rendered":"<p>Manusf\u00f6rfattaren och regiss\u00f6ren <strong>Claire Burger<\/strong> vann en Camera D\u2019Or f\u00f6r l\u00e5ngfilmsdebuten\u00a0<a href=\"https:\/\/www.moviezine.se\/movies\/party-girl\" rel=\"nofollow noopener\" target=\"_blank\">\u201dParty Girl\u201d<\/a> p\u00e5 <strong>filmfestivalen i Cannes 2014<\/strong>. Hennes andra film,\u00a0\u201dReal Love\u201d, fick pris f\u00f6r b\u00e4sta film under indiedelen av <strong>Venedigs filmfestival 2018<\/strong>. Hennes nya film, <a href=\"https:\/\/www.moviezine.se\/movies\/pa-vilket-sprak-drommer-du\" rel=\"nofollow noopener\" target=\"_blank\">\u201dP\u00e5 vilket spr\u00e5k dr\u00f6mmer du?\u201d<\/a>, var del av den officiella t\u00e4vlingssektionen under <strong>Berlins filmfestival 2024<\/strong> och visades \u00e4ven p\u00e5 <strong><a href=\"https:\/\/program.goteborgfilmfestival.se\/program\/foreign-language\" rel=\"nofollow noopener\" target=\"_blank\">G\u00f6teborgs filmfestival<\/a><\/strong> tidigare i \u00e5r.<\/p>\n<p>I filmen f\u00e5r vi f\u00f6lja den blyga Fanny fr\u00e5n franska Strasbourg, en ton\u00e5ring som pl\u00e5gas av utanf\u00f6rskap och l\u00e4ngtar bort fr\u00e5n en vardag pr\u00e4glad av mobbning och ensamhet. R\u00e4ddningen tycks komma i form av ett spr\u00e5kutbyte med den tyska brevv\u00e4nnen Lena i Leipzig \u2013 en till synes frigjord och sj\u00e4lvs\u00e4ker j\u00e4mn\u00e5rig, som snabbt blir katalysator f\u00f6r Fannys politiska och k\u00e4nslom\u00e4ssiga uppvaknande. M\u00f6tet mellan Fanny och Lena utvecklas fr\u00e5n en trevande v\u00e4nskap till en laddad relation d\u00e4r spr\u00e5k, identitet och beg\u00e4r fl\u00e4tas samman.\u00a0<\/p>\n<p>I <a href=\"https:\/\/www.moviezine.se\/recensioner\/laddat-ungdomsdrama-bland-sprak-och-logner\" rel=\"nofollow noopener\" target=\"_blank\">MovieZines recension<\/a> kallas filmen f\u00f6r \u201dett drabbande och nyanserat ungdomsdrama\u201d som mixar \u201dEmily in Paris\u201d och Greta Thunberg i \u201den rik och m\u00e5ngbottnad coming-of-age-ber\u00e4ttelse, d\u00e4r b\u00e5de hj\u00e4rtat och tanken f\u00e5r sitt\u201d. Framf\u00f6r allt de unga huvudrollsinnehavarna <strong>Lilith Grasmug<\/strong> och <strong>Josefa Heinsius<\/strong> lyfts fram som \u201dexceptionella i sin f\u00f6rm\u00e5ga att gestalta os\u00e4kerhet, trots och beg\u00e4r\u201d.<\/p>\n<p>I rollerna som flickornas lika vilsna mammor syns ocks\u00e5 den tyska storfavoriten <strong>Nina Hoss<\/strong> (\u201dT\u00e1r\u201d, \u201dPhoenix\u201d) och den franska nepo-babyn <strong>Chiara Mastroianni<\/strong> (dotter till filmikonerna Marcello Mastroianni och Catherine Deneuve).<\/p>\n<p>\u201dP\u00e5 vilket spr\u00e5k dr\u00f6mmer du?\u201d visas just nu p\u00e5 bio.<\/p>\n<p><img loading=\"lazy\" decoding=\"async\" alt=\"YouTube video\" width=\"480\" height=\"360\" data-pin-nopin=\"true\" nopin=\"nopin\" class=\"perfmatters-lazy\" src=\"https:\/\/www.europesays.com\/se\/wp-content\/uploads\/2025\/08\/1756465330_526_hqdefault.jpg\"\/><\/p>\n<p>L\u00e4s ocks\u00e5: <a href=\"https:\/\/www.moviezine.se\/nyheter\/biopremiar-for-svenskproducerat-oscarsbidrag-hyllad-tennisfilm-om-tystnadskultur\" title=\"B\u00e4st p\u00e5 bio just nu: Tr\u00e4ffs\u00e4kert sportdrama blev Belgiens Oscarsbidrag\" class=\"underline-custom !font-montserrat !font-bold !underline-offset-4 !decoration-4 !decoration-moviezine-green !text-md\" rel=\"nofollow noopener\" target=\"_blank\">B\u00e4st p\u00e5 bio just nu: Tr\u00e4ffs\u00e4kert sportdrama blev Belgiens Oscarsbidrag<\/a><\/p>\n<p>L\u00e4s ocks\u00e5: <a href=\"https:\/\/www.moviezine.se\/nyheter\/25-nya-filmer-har-precis-lagts-till-pa-svt-play-har-ar-3-franska-filmparlor\" title=\"25 nya filmer finns att se p\u00e5 SVT Play \u2013 vi lyfter fram 3 franska filmp\u00e4rlor\" class=\"underline-custom !font-montserrat !font-bold !underline-offset-4 !decoration-4 !decoration-moviezine-green !text-md\" rel=\"nofollow noopener\" target=\"_blank\">25 nya filmer finns att se p\u00e5 SVT Play \u2013 vi lyfter fram 3 franska filmp\u00e4rlor<\/a><\/p>\n","protected":false},"excerpt":{"rendered":"Manusf\u00f6rfattaren och regiss\u00f6ren Claire Burger vann en Camera D\u2019Or f\u00f6r l\u00e5ngfilmsdebuten\u00a0\u201dParty Girl\u201d p\u00e5 filmfestivalen i Cannes 2014. Hennes&hellip;\n","protected":false},"author":2,"featured_media":16604,"comment_status":"","ping_status":"","sticky":false,"template":"","format":"standard","meta":{"footnotes":""},"categories":[67],"tags":[2113,104,34,31,33,32,30,105],"class_list":{"0":"post-16603","1":"post","2":"type-post","3":"status-publish","4":"format-standard","5":"has-post-thumbnail","7":"category-underhallning","8":"tag-bioaktuellt","9":"tag-entertainment","10":"tag-se","11":"tag-svenska","12":"tag-sverige","13":"tag-sweden","14":"tag-swedish","15":"tag-underhallning"},"share_on_mastodon":{"url":"","error":""},"_links":{"self":[{"href":"https:\/\/www.europesays.com\/se\/wp-json\/wp\/v2\/posts\/16603","targetHints":{"allow":["GET"]}}],"collection":[{"href":"https:\/\/www.europesays.com\/se\/wp-json\/wp\/v2\/posts"}],"about":[{"href":"https:\/\/www.europesays.com\/se\/wp-json\/wp\/v2\/types\/post"}],"author":[{"embeddable":true,"href":"https:\/\/www.europesays.com\/se\/wp-json\/wp\/v2\/users\/2"}],"replies":[{"embeddable":true,"href":"https:\/\/www.europesays.com\/se\/wp-json\/wp\/v2\/comments?post=16603"}],"version-history":[{"count":0,"href":"https:\/\/www.europesays.com\/se\/wp-json\/wp\/v2\/posts\/16603\/revisions"}],"wp:featuredmedia":[{"embeddable":true,"href":"https:\/\/www.europesays.com\/se\/wp-json\/wp\/v2\/media\/16604"}],"wp:attachment":[{"href":"https:\/\/www.europesays.com\/se\/wp-json\/wp\/v2\/media?parent=16603"}],"wp:term":[{"taxonomy":"category","embeddable":true,"href":"https:\/\/www.europesays.com\/se\/wp-json\/wp\/v2\/categories?post=16603"},{"taxonomy":"post_tag","embeddable":true,"href":"https:\/\/www.europesays.com\/se\/wp-json\/wp\/v2\/tags?post=16603"}],"curies":[{"name":"wp","href":"https:\/\/api.w.org\/{rel}","templated":true}]}}