{"id":16742,"date":"2025-08-29T13:51:08","date_gmt":"2025-08-29T13:51:08","guid":{"rendered":"https:\/\/www.europesays.com\/se\/16742\/"},"modified":"2025-08-29T13:51:08","modified_gmt":"2025-08-29T13:51:08","slug":"celtic-hojer-budet-pa-sebastian-tounekti","status":"publish","type":"post","link":"https:\/\/www.europesays.com\/se\/16742\/","title":{"rendered":"Celtic h\u00f6jer budet p\u00e5 Sebastian Tounekti"},"content":{"rendered":"<p>Publicerad 29 aug 2025 kl 14.48Uppdaterad kl 14.58<\/p>\n<p>Celtic v\u00e4grar ge sig och vill k\u00f6pa Sebastian Tounekti.<\/p>\n<p>Enligt initierade k\u00e4llor till Expressen har den skotska klubben h\u00f6jt sitt bud till 50 miljoner kronor plus bonusar som kan stiga till totalt 60 miljoner kronor.<\/p>\n<p><img   alt=\"\"\/><\/p>\n<p>Sebastian Tounekti.<\/p>\n<p>Foto: TOBIAS STERNER \/ BILDBYR\u00c5N<\/p>\n<p>\u00d6ppna bild i helsk\u00e4rm<img loading=\"lazy\"   alt=\"\"\/><\/p>\n<p>Sebastian Tounekti kom till Hammarby i vintras.<\/p>\n<p>Foto: THERESE BACK \/ STELLA PICTURES\/THERESE BACK THERESE BACK<\/p>\n<p>\u00d6ppna bild i helsk\u00e4rm<\/p>\n<p>Det var f\u00f6r bara n\u00e5gra dagar sedan <a href=\"https:\/\/www.expressen.se\/sport\/fotboll\/allsvenskan\/celtic-har-lagt-bud-pa-sebastian-tounekti\/\" rel=\"nofollow noopener\" target=\"_blank\">Expressen avsl\u00f6jade att Celtic hade lagt ett f\u00f6rsta bud p\u00e5 Hammarbys stj\u00e4rnytter Sebastian Tounekti<\/a>. Budet var v\u00e4rt totalt 33 miljoner kronor.<\/p>\n<p>Men Bajen var tydligt gentemot den skotska klubben att man kr\u00e4vde det dubbla minst f\u00f6r att \u00f6verv\u00e4ga en f\u00f6rs\u00e4ljning \u2013 och nu visar Celtic att man inte ger upp en v\u00e4rvning.<\/p>\n<p>Lagt nytt bud<\/p>\n<p>Enligt uppgifter till Expressen har Celtic lagt ett nytt f\u00f6rh\u00f6jt bud p\u00e5 Tounekti. Det nya budet ska ligga p\u00e5 \u20ac4.5 miljoner euro \u2013 motsvarande 50 miljoner kronor plus bonusar.<\/p>\n<p><img loading=\"lazy\"   alt=\"\"\/><\/p>\n<p>Celtic g\u00f6r allt vad man kan f\u00f6r att v\u00e4rva norrmannen.<\/p>\n<p>Foto: EMMA WALLSKOG \/ BILDBYR\u00c5N<\/p>\n<p>\u00d6ppna bild i helsk\u00e4rm<\/p>\n<p>Aff\u00e4rens totala v\u00e4rde kan allts\u00e5 stiga till totalt 60 miljoner kronor, ifall bonusarna sl\u00e5r in, enligt uppgifter till Expressen. Det \u00e5terst\u00e5r att se vad Hammarby v\u00e4ljer att g\u00f6ra.<\/p>\n<p>Flertalet spelare har l\u00e4mnat klubben. Shaquille Pinas \u00e4r p\u00e5 v\u00e4g till Al-Kholood i Saudiarabien och Jusef Erabi flyger till London i dag f\u00f6r att g\u00f6ra klart med Millwall.<\/p>\n<p>Enligt uppgifter till Expressen \u00e4r Erabi-aff\u00e4ren v\u00e4rd drygt 50 miljoner kronor, och fr\u00e5gan \u00e4r ifall Tounekti blir den tredje nyckelspelaren att l\u00e4mna de gr\u00f6nvita.<\/p>\n","protected":false},"excerpt":{"rendered":"Publicerad 29 aug 2025 kl 14.48Uppdaterad kl 14.58 Celtic v\u00e4grar ge sig och vill k\u00f6pa Sebastian Tounekti. Enligt&hellip;\n","protected":false},"author":2,"featured_media":16743,"comment_status":"","ping_status":"","sticky":false,"template":"","format":"standard","meta":{"footnotes":""},"categories":[68],"tags":[738,34,130,129,111,110,31,33,32,30],"class_list":{"0":"post-16742","1":"post","2":"type-post","3":"status-publish","4":"format-standard","5":"has-post-thumbnail","7":"category-sport","8":"tag-organization-hammarby-if","9":"tag-se","10":"tag-sections-allsvenskan","11":"tag-sections-fotboll","12":"tag-sport","13":"tag-sports","14":"tag-svenska","15":"tag-sverige","16":"tag-sweden","17":"tag-swedish"},"share_on_mastodon":{"url":"","error":""},"_links":{"self":[{"href":"https:\/\/www.europesays.com\/se\/wp-json\/wp\/v2\/posts\/16742","targetHints":{"allow":["GET"]}}],"collection":[{"href":"https:\/\/www.europesays.com\/se\/wp-json\/wp\/v2\/posts"}],"about":[{"href":"https:\/\/www.europesays.com\/se\/wp-json\/wp\/v2\/types\/post"}],"author":[{"embeddable":true,"href":"https:\/\/www.europesays.com\/se\/wp-json\/wp\/v2\/users\/2"}],"replies":[{"embeddable":true,"href":"https:\/\/www.europesays.com\/se\/wp-json\/wp\/v2\/comments?post=16742"}],"version-history":[{"count":0,"href":"https:\/\/www.europesays.com\/se\/wp-json\/wp\/v2\/posts\/16742\/revisions"}],"wp:featuredmedia":[{"embeddable":true,"href":"https:\/\/www.europesays.com\/se\/wp-json\/wp\/v2\/media\/16743"}],"wp:attachment":[{"href":"https:\/\/www.europesays.com\/se\/wp-json\/wp\/v2\/media?parent=16742"}],"wp:term":[{"taxonomy":"category","embeddable":true,"href":"https:\/\/www.europesays.com\/se\/wp-json\/wp\/v2\/categories?post=16742"},{"taxonomy":"post_tag","embeddable":true,"href":"https:\/\/www.europesays.com\/se\/wp-json\/wp\/v2\/tags?post=16742"}],"curies":[{"name":"wp","href":"https:\/\/api.w.org\/{rel}","templated":true}]}}