{"id":167927,"date":"2026-02-17T12:34:36","date_gmt":"2026-02-17T12:34:36","guid":{"rendered":"https:\/\/www.europesays.com\/se\/167927\/"},"modified":"2026-02-17T12:34:36","modified_gmt":"2026-02-17T12:34:36","slug":"viktigaste-nyheterna-pa-tre-minuter-10","status":"publish","type":"post","link":"https:\/\/www.europesays.com\/se\/167927\/","title":{"rendered":"Viktigaste nyheterna p\u00e5 tre minuter"},"content":{"rendered":"<p>Den amerikanske miljard\u00e4ren Thomas Pritzker l\u00e4mnar posten som ordf\u00f6rande f\u00f6r hotellkedjan Hyatt p\u00e5 grund av sina kopplingar till sexbrottslingen Jeffrey Epstein. Den offentliggjorda utredningen har visat att Pritzker haft \u00e5terkommande kontakt med Epstein \u00e4ven efter att Epstein d\u00f6mts f\u00f6r sexk\u00f6p av en 14-\u00e5ring. <\/p>\n<p>I ett uttalande s\u00e4ger han att det inte finns n\u00e5gon urs\u00e4kt f\u00f6r att han inte distansierade sig tidigare. <\/p>\n<p>N\u00e5got har under natten exploderat vid en port till ett  flerfamiljshus i Rinkeby i v\u00e4stra Stockholm. <\/p>\n<p>\u2013 Det har varit en duktig sm\u00e4ll, s\u00e4ger Daniel Wikdahl, presstalesperson hos polisen, till TT.<\/p>\n<p>Ingen person ska ha skadats fysiskt men porten och f\u00f6nster vid entr\u00e9n har f\u00e5tt skador. Ingen person \u00e4r gripen.<\/p>\n<p>Regeringen arbetar p\u00e5 \u00e5tg\u00e4rder f\u00f6r att stoppa de s\u00e5 kallade ton\u00e5rsutvisningarna, uppger justitieminister Gunnar Str\u00f6mmer (M). <\/p>\n<p>\u2013 Jag kan konstatera att n\u00e5gra av de fr\u00e5gor som varit f\u00f6rem\u00e5l f\u00f6r allm\u00e4n debatt, men ocks\u00e5 en l\u00e5ng rad andra fr\u00e5gor som r\u00f6r lagstiftning p\u00e5 det h\u00e4r omr\u00e5det, \u00e4r f\u00f6rem\u00e5l f\u00f6r arbete under v\u00e5ren, s\u00e4ger Str\u00f6mmer till Aftonbladet.<\/p>\n<p>Han s\u00e4ger vidare att regeringen kommer att \u201d\u00e5terkomma och ber\u00e4tta om utfallet\u201d n\u00e4r arbetet \u00e4r klart.<\/p>\n<p>N\u00e4r USA:s utrikesminister Marco Rubio talade i M\u00fcnchen andades m\u00e5nga europeiska ledare ut. Tonen var mjukare \u00e4n v\u00e4ntat och appl\u00e5derna rungade. Men bakom orden dolde sig ett budskap som v\u00e4ckte nya fr\u00e5gor: Hur f\u00f6rsonande var talet, egentligen?<\/p>\n<p>En mystisk tunnel som hittats i anslutning till ett gravsystem fr\u00e5n sten\u00e5ldern i tyska Dornberg har f\u00f6rbryllat forskare. Nu \u00e4r slutsatsen att tunneln gr\u00e4vdes p\u00e5 medeltiden, eventuellt i syfte att d\u00f6lja hemliga kultritualer. <\/p>\n<p>I tunneln har arkeologer hittat bland annat en h\u00e4stsko, ett r\u00e4vskelett och delar av ett klotformat keramiskt k\u00e4rl. Ing\u00e5ngen tycks medvetet ha sp\u00e4rrats.<\/p>\n<p><a target=\"_blank\" rel=\"noreferrer nofollow noopener\" href=\"https:\/\/www.livescience.com\/archaeology\/subterranean-tunnel-possibly-used-for-medieval-cult-rituals-discovered-in-stone-age-tomb-in-germany\" class=\"Text_externalLink__zdh8y\">L\u00e4s mer p\u00e5 Live Science.<\/a><\/p>\n<p>Omni \u00e4r politiskt obundna och oberoende. Vi str\u00e4var efter att ge fler perspektiv p\u00e5 nyheterna. Har du fr\u00e5gor eller synpunkter kring v\u00e5r rapportering? <a href=\"https:\/\/omni.se\/viktigaste-nyheterna-pa-tre-minuter\/a\/mailto:redaktion@omni.se\" class=\"ArticleActions_contactLink__W2F1M\" rel=\"nofollow noopener\" target=\"_blank\">Kontakta redaktionen<\/a><\/p>\n","protected":false},"excerpt":{"rendered":"Den amerikanske miljard\u00e4ren Thomas Pritzker l\u00e4mnar posten som ordf\u00f6rande f\u00f6r hotellkedjan Hyatt p\u00e5 grund av sina kopplingar till&hellip;\n","protected":false},"author":2,"featured_media":167928,"comment_status":"","ping_status":"","sticky":false,"template":"","format":"standard","meta":{"footnotes":"","_share_on_mastodon":"0"},"categories":[65],"tags":[72,70,71,700,2822,34,31,33,32,30],"class_list":["post-167927","post","type-post","status-publish","format-standard","has-post-thumbnail","category-ekonomi","tag-business","tag-economy","tag-ekonomi","tag-morgonsvepet","tag-omnimallar","tag-se","tag-svenska","tag-sverige","tag-sweden","tag-swedish"],"share_on_mastodon":{"url":"https:\/\/pubeurope.com\/@se\/116085998614470334","error":""},"_links":{"self":[{"href":"https:\/\/www.europesays.com\/se\/wp-json\/wp\/v2\/posts\/167927","targetHints":{"allow":["GET"]}}],"collection":[{"href":"https:\/\/www.europesays.com\/se\/wp-json\/wp\/v2\/posts"}],"about":[{"href":"https:\/\/www.europesays.com\/se\/wp-json\/wp\/v2\/types\/post"}],"author":[{"embeddable":true,"href":"https:\/\/www.europesays.com\/se\/wp-json\/wp\/v2\/users\/2"}],"replies":[{"embeddable":true,"href":"https:\/\/www.europesays.com\/se\/wp-json\/wp\/v2\/comments?post=167927"}],"version-history":[{"count":0,"href":"https:\/\/www.europesays.com\/se\/wp-json\/wp\/v2\/posts\/167927\/revisions"}],"wp:featuredmedia":[{"embeddable":true,"href":"https:\/\/www.europesays.com\/se\/wp-json\/wp\/v2\/media\/167928"}],"wp:attachment":[{"href":"https:\/\/www.europesays.com\/se\/wp-json\/wp\/v2\/media?parent=167927"}],"wp:term":[{"taxonomy":"category","embeddable":true,"href":"https:\/\/www.europesays.com\/se\/wp-json\/wp\/v2\/categories?post=167927"},{"taxonomy":"post_tag","embeddable":true,"href":"https:\/\/www.europesays.com\/se\/wp-json\/wp\/v2\/tags?post=167927"}],"curies":[{"name":"wp","href":"https:\/\/api.w.org\/{rel}","templated":true}]}}