{"id":16812,"date":"2025-08-29T15:16:08","date_gmt":"2025-08-29T15:16:08","guid":{"rendered":"https:\/\/www.europesays.com\/se\/16812\/"},"modified":"2025-08-29T15:16:08","modified_gmt":"2025-08-29T15:16:08","slug":"sa-kan-gaza-bli-ett-judiskt-hemland-29-augusti-2025-konflikt","status":"publish","type":"post","link":"https:\/\/www.europesays.com\/se\/16812\/","title":{"rendered":"S\u00e5 kan Gaza bli ett judiskt hemland 29 augusti 2025 &#8211; Konflikt"},"content":{"rendered":"<p>Vid gr\u00e4nsen mellan Israel och Gazaremsan jublar bos\u00e4ttaraktivister \u00f6ver f\u00f6r\u00f6delsen p\u00e5 andra sidan. De ser Gaza som en gudag\u00e5va, en given del av ett judiskt hemland. Hur stor makt har de egentligen och vad betyder det f\u00f6r palestinierna \u2013 och f\u00f6r Israel?<\/p>\n<p><strong>Medverkande: Michael Schulz<\/strong>, professor i freds- och utvecklingsforskning vid G\u00f6teborgs universitet, med fokus p\u00e5 Mellan\u00f6stern och konfliktl\u00f6sning. <strong>Kobi Michael<\/strong>, s\u00e4kerhetspolitisk forskare vid INSS i Tel Aviv och Mizgav Institutet i Jerusalem, tidigare r\u00e5dgivare till Israels regering i strategiska fr\u00e5gor. <strong>Daniella Weiss<\/strong>, bos\u00e4ttaraktivist och tidigare borgm\u00e4stare i Kedumim, grundare av Nachala-r\u00f6relsen, <strong>Yair Rosenberg<\/strong>, skribent f\u00f6r magasinet the Atlantic, <strong>Alon Liel<\/strong>, f.d diplomat med n\u00e4ra kopplingar till israeliska arbetarpartiet och numera fredsaktivist, <strong>Yara Hawari<\/strong>, statsvetare som sitter i ledningen f\u00f6r den palestinska tankesmedjan al-Shabaka.\u00a0<\/p>\n<p><strong>Reportar: Lina Mal\u00e9rs<\/strong> i Libanon och <strong>Mattias Pleijel<\/strong> i Israel.<\/p>\n<p><strong>Programledare: Viktor L\u00f6fgren<\/strong><br \/>viktor.m.lofgren@sr.se<\/p>\n<p><strong>Producent: Ulrika Bergqvist<\/strong><br \/>ulrika.bergqvist@sr.se<\/p>\n","protected":false},"excerpt":{"rendered":"Vid gr\u00e4nsen mellan Israel och Gazaremsan jublar bos\u00e4ttaraktivister \u00f6ver f\u00f6r\u00f6delsen p\u00e5 andra sidan. De ser Gaza som en&hellip;\n","protected":false},"author":2,"featured_media":16813,"comment_status":"","ping_status":"","sticky":false,"template":"","format":"standard","meta":{"footnotes":""},"categories":[14],"tags":[2133,22,23,445,26,27,17,21,1742,2134,2130,2129,24,25,28,29,15,16,792,2135,18,2132,34,31,33,785,32,30,19,20,552,2131,51,52,53,54],"class_list":{"0":"post-16812","1":"post","2":"type-post","3":"status-publish","4":"format-standard","5":"has-post-thumbnail","7":"category-varlden","8":"tag-aktualitetsprogram","9":"tag-breaking-news","10":"tag-breakingnews","11":"tag-debatt","12":"tag-featured-news","13":"tag-featurednews","14":"tag-headlines","15":"tag-huvudnyheter","16":"tag-internationell-politik","17":"tag-internationellt","18":"tag-konflikt","19":"tag-konflikt-i-p1","20":"tag-latest-news","21":"tag-latestnews","22":"tag-main-news","23":"tag-mainnews","24":"tag-news","25":"tag-nyheter","26":"tag-p1","27":"tag-reportage","28":"tag-rubriker","29":"tag-samhlle","30":"tag-se","31":"tag-svenska","32":"tag-sverige","33":"tag-sveriges-radio","34":"tag-sweden","35":"tag-swedish","36":"tag-top-stories","37":"tag-topstories","38":"tag-utrikespolitik","39":"tag-utrikesreportage","40":"tag-varlden","41":"tag-world","42":"tag-world-news","43":"tag-worldnews"},"share_on_mastodon":{"url":"","error":""},"_links":{"self":[{"href":"https:\/\/www.europesays.com\/se\/wp-json\/wp\/v2\/posts\/16812","targetHints":{"allow":["GET"]}}],"collection":[{"href":"https:\/\/www.europesays.com\/se\/wp-json\/wp\/v2\/posts"}],"about":[{"href":"https:\/\/www.europesays.com\/se\/wp-json\/wp\/v2\/types\/post"}],"author":[{"embeddable":true,"href":"https:\/\/www.europesays.com\/se\/wp-json\/wp\/v2\/users\/2"}],"replies":[{"embeddable":true,"href":"https:\/\/www.europesays.com\/se\/wp-json\/wp\/v2\/comments?post=16812"}],"version-history":[{"count":0,"href":"https:\/\/www.europesays.com\/se\/wp-json\/wp\/v2\/posts\/16812\/revisions"}],"wp:featuredmedia":[{"embeddable":true,"href":"https:\/\/www.europesays.com\/se\/wp-json\/wp\/v2\/media\/16813"}],"wp:attachment":[{"href":"https:\/\/www.europesays.com\/se\/wp-json\/wp\/v2\/media?parent=16812"}],"wp:term":[{"taxonomy":"category","embeddable":true,"href":"https:\/\/www.europesays.com\/se\/wp-json\/wp\/v2\/categories?post=16812"},{"taxonomy":"post_tag","embeddable":true,"href":"https:\/\/www.europesays.com\/se\/wp-json\/wp\/v2\/tags?post=16812"}],"curies":[{"name":"wp","href":"https:\/\/api.w.org\/{rel}","templated":true}]}}