{"id":16820,"date":"2025-08-29T15:24:11","date_gmt":"2025-08-29T15:24:11","guid":{"rendered":"https:\/\/www.europesays.com\/se\/16820\/"},"modified":"2025-08-29T15:24:11","modified_gmt":"2025-08-29T15:24:11","slug":"trump-drar-in-kamala-harris-livvaktsskydd","status":"publish","type":"post","link":"https:\/\/www.europesays.com\/se\/16820\/","title":{"rendered":"Trump drar in Kamala Harris livvaktsskydd"},"content":{"rendered":"<p>Donald Trump har beslutat att dra in den tidigare vicepresidenten Kamala Harris livvaktsskydd, rapporterar CNN. <\/p>\n<p>Vicepresidenter f\u00e5r enligt lag livvaktsskydd genom Secret Service i sex m\u00e5nader efter att de l\u00e4mnat sitt \u00e4mbete. Harris skydd l\u00f6pte egentligen ut 21 juli, men hade f\u00f6rl\u00e4ngts med ett \u00e5r genom ett beslut av d\u00e5varande presidenten Joe Biden. <\/p>\n<p>Denna f\u00f6rl\u00e4ngning har Trump nu upph\u00e4vt. Beslutet kommer strax f\u00f6re det att Harris ska ge sig ut p\u00e5 en landsomfattande turn\u00e9 f\u00f6r att marknadsf\u00f6ra sin memoarbok \u201d107 days\u201d.<\/p>\n<p>Omni \u00e4r politiskt obundna och oberoende. Vi str\u00e4var efter att ge fler perspektiv p\u00e5 nyheterna. Har du fr\u00e5gor eller synpunkter kring v\u00e5r rapportering? <a href=\"https:\/\/omni.se\/donald-trump-drar-in-kamala-harris-livvaktsskydd\/a\/mailto:redaktion@omni.se\" class=\"ArticleActions_contactLink__W2F1M\" rel=\"nofollow noopener\" target=\"_blank\">Kontakta redaktionen<\/a><\/p>\n","protected":false},"excerpt":{"rendered":"Donald Trump har beslutat att dra in den tidigare vicepresidenten Kamala Harris livvaktsskydd, rapporterar CNN. Vicepresidenter f\u00e5r enligt&hellip;\n","protected":false},"author":2,"featured_media":16821,"comment_status":"","ping_status":"","sticky":false,"template":"","format":"standard","meta":{"footnotes":""},"categories":[14],"tags":[387,22,23,385,26,27,17,21,2136,24,25,28,29,15,268,16,18,34,31,33,32,30,19,20,386,74,51,52,53,54],"class_list":{"0":"post-16820","1":"post","2":"type-post","3":"status-publish","4":"format-standard","5":"has-post-thumbnail","7":"category-varlden","8":"tag-amerikansk-politik","9":"tag-breaking-news","10":"tag-breakingnews","11":"tag-donald-trump","12":"tag-featured-news","13":"tag-featurednews","14":"tag-headlines","15":"tag-huvudnyheter","16":"tag-kamala-harris","17":"tag-latest-news","18":"tag-latestnews","19":"tag-main-news","20":"tag-mainnews","21":"tag-news","22":"tag-nordamerika","23":"tag-nyheter","24":"tag-rubriker","25":"tag-se","26":"tag-svenska","27":"tag-sverige","28":"tag-sweden","29":"tag-swedish","30":"tag-top-stories","31":"tag-topstories","32":"tag-trumps-usa","33":"tag-usa","34":"tag-varlden","35":"tag-world","36":"tag-world-news","37":"tag-worldnews"},"share_on_mastodon":{"url":"","error":""},"_links":{"self":[{"href":"https:\/\/www.europesays.com\/se\/wp-json\/wp\/v2\/posts\/16820","targetHints":{"allow":["GET"]}}],"collection":[{"href":"https:\/\/www.europesays.com\/se\/wp-json\/wp\/v2\/posts"}],"about":[{"href":"https:\/\/www.europesays.com\/se\/wp-json\/wp\/v2\/types\/post"}],"author":[{"embeddable":true,"href":"https:\/\/www.europesays.com\/se\/wp-json\/wp\/v2\/users\/2"}],"replies":[{"embeddable":true,"href":"https:\/\/www.europesays.com\/se\/wp-json\/wp\/v2\/comments?post=16820"}],"version-history":[{"count":0,"href":"https:\/\/www.europesays.com\/se\/wp-json\/wp\/v2\/posts\/16820\/revisions"}],"wp:featuredmedia":[{"embeddable":true,"href":"https:\/\/www.europesays.com\/se\/wp-json\/wp\/v2\/media\/16821"}],"wp:attachment":[{"href":"https:\/\/www.europesays.com\/se\/wp-json\/wp\/v2\/media?parent=16820"}],"wp:term":[{"taxonomy":"category","embeddable":true,"href":"https:\/\/www.europesays.com\/se\/wp-json\/wp\/v2\/categories?post=16820"},{"taxonomy":"post_tag","embeddable":true,"href":"https:\/\/www.europesays.com\/se\/wp-json\/wp\/v2\/tags?post=16820"}],"curies":[{"name":"wp","href":"https:\/\/api.w.org\/{rel}","templated":true}]}}