{"id":168508,"date":"2026-02-18T04:14:12","date_gmt":"2026-02-18T04:14:12","guid":{"rendered":"https:\/\/www.europesays.com\/se\/168508\/"},"modified":"2026-02-18T04:14:12","modified_gmt":"2026-02-18T04:14:12","slug":"nya-rollen-ar-personlig-for-robert-gustafsson-kanner-igen-mig-valdigt-mycket","status":"publish","type":"post","link":"https:\/\/www.europesays.com\/se\/168508\/","title":{"rendered":"Nya rollen \u00e4r personlig f\u00f6r Robert Gustafsson: \u201dK\u00e4nner igen mig v\u00e4ldigt mycket\u201d"},"content":{"rendered":"<p><strong>Robert Gustafsson<\/strong> \u00e4r bioaktuell med en av karri\u00e4rens allra b\u00e4sta roller. I <a href=\"https:\/\/www.moviezine.se\/movies\/grannfejden\" rel=\"nofollow noopener\" target=\"_blank\">\u201dGrannfejden\u201d<\/a> spelar han den egensinniga Harry Flodman \u2013 betraktad av omgivningen som \u201dbyf\u00e5ne\u201d och \u201didiot\u201d \u2013 som hamnar i konflikt med en f\u00f6re detta statsminister om ett utedass i en liten v\u00e4rml\u00e4ndsk ort.<\/p>\n<p>\u201dGrannfejden\u201d \u00e4r en ny dramakomedi av <strong>Ulf Malmros<\/strong> (\u201dDen b\u00e4sta sommaren\u201d, \u201dSmala Sussie\u201d) d\u00e4r Gustafsson spelar mot sk\u00e5despelare som Kjell Bergqvist, Tuva Novotny och Ida Hallquist.\u00a0<\/p>\n<p>Den \u00e4r rolig men framf\u00f6r allt \u00e4r det en varm och k\u00e4nslosam ber\u00e4ttelse. Till stor del tack vare Robert Gustafssons klockrena prestation. Harry Flodman \u00e4r unik, men han b\u00e4r likheter med karakt\u00e4rer som sk\u00e5despelaren tidigare har gestaltat genom sin l\u00e5nga karri\u00e4r.<\/p>\n<p>Han \u00e4r sj\u00e4lv den f\u00f6rsta att lyfta fram m\u00f6nstret n\u00e4r jag s\u00e4tter mig ner med honom f\u00f6r ett samtal inf\u00f6r premi\u00e4ren.<\/p>\n<p>\u2013 Jag har alltid k\u00e4nt en dragning till de h\u00e4r karakt\u00e4rerna som \u00e4r lite eljest, s\u00e4ger sk\u00e5despelaren. De svaga och utsatta eller de som sticker ut lite, oavsett vad det \u00e4r.\u00a0<\/p>\n<p>\u2013 Om det s\u00e5 \u00e4r n\u00e5gon som partajar med en iller, eller om det \u00e4r n\u00e5gon som gillar dansband som i \u201dTorsk p\u00e5 Tallinn\u201d. Och det har nog mycket med min bror att g\u00f6ra.<\/p>\n<p><strong>\u201d\u00c4r du dum i huvudet?\u201d<\/strong><\/p>\n<p><img loading=\"lazy\" height=\"364\" width=\"648\" class=\"wp-image-713844 sp-no-webp perfmatters-lazy\" alt=\"\" decoding=\"async\" src=\"https:\/\/www.europesays.com\/se\/wp-content\/uploads\/2026\/02\/Grannfejden_02_34_34_24-1-648x364.jpg\"  data-\/> <\/p>\n<p>Gustafssons bror skulle ha f\u00e5tt \u201den massa diagnoser\u201d om han levde idag, menar Gustafsson. Minnena gjorde rollen extra personlig \u2013 och hj\u00e4lpte honom att f\u00f6rst\u00e5 karakt\u00e4ren.<\/p>\n<p>\u2013 Jag hade tillg\u00e5ng till min egen brors facit och hans uppv\u00e4xt. Jag har ju tittat p\u00e5 min bror som jag ser p\u00e5 Flodman nu, jag har tittat i min brors \u00f6gon och sett den h\u00e4r os\u00e4kerheten. D\u00e4r hade jag en genv\u00e4g.<\/p>\n<p>\u2013 Jag minns att vi hade n\u00e5gon stor byggkniv som vi hade stulit fr\u00e5n en byggarbetsplats och f\u00e4llde tr\u00e4d med, ber\u00e4ttar han. \u201dVad gjorde du av kniven?\u201d \u201dJag sl\u00e4ngde den bara i gr\u00e4set.\u201d S\u00e5 \u00e4r problemet borta, sa han. Jag f\u00f6rst\u00e5r att han k\u00e4nde s\u00e5. \u201d\u00c4r du dum i huvudet? Den kommer ju hittas!\u201d<\/p>\n<p>En liknande scen \u00e5terfinner vi i \u201dGrannfejden\u201d.<\/p>\n<p>\u2013 Den situationen \u00e4r ju direkt \u00f6verf\u00f6rbar p\u00e5 det h\u00e4r. \u201dVad gjorde du av skroten?\u201d \u201dJa, jag sl\u00e4ngde det i sj\u00f6n.\u201d Allts\u00e5 \u00e4r problemet borta. Nej, men det \u00e4r inte bra. Jag k\u00e4nner igen mig v\u00e4ldigt mycket.<\/p>\n<p><strong>Vad Sverige \u00e4r bra p\u00e5<\/strong><\/p>\n<p><img loading=\"lazy\" height=\"364\" width=\"648\" class=\"wp-image-713846 sp-no-webp perfmatters-lazy\" alt=\"\" decoding=\"async\" src=\"https:\/\/www.europesays.com\/se\/wp-content\/uploads\/2026\/02\/Grannfejden_01_11_51_03-1-648x364.jpg\"  data-\/> <\/p>\n<p>\u2013 Jag \u00e4lskar ju de d\u00e4r m\u00e4nniskorna f\u00f6r jag tycker att de \u00e4r s\u00e5 viktiga, s\u00e4ger Robert Gustafsson. Inte bara f\u00f6r mig utan f\u00f6r samh\u00e4llet i \u00f6vrigt.<\/p>\n<p>Han tar upp tv-programmet \u201dV\u00e4lkommen till K\u00f6ping\u201d \u2013 som f\u00f6ljer livet hos ett g\u00e4ng funktionsvarierade p\u00e5 ett gruppboende \u2013 som ett positivt exempel.<\/p>\n<p>\u2013 Jag blir s\u00e5h\u00e4r: \u00c5h gud vad jag vill h\u00e4nga med dem. Och de blir idoler pl\u00f6tsligt f\u00f6r att de \u00e4r med i tv. Och de f\u00e5r fanmail och det h\u00e4nder s\u00e5 fort liksom.<\/p>\n<p>Inkluderingen av m\u00e5nga olika sorters m\u00e4nniskor \u00e4r n\u00e5got vi \u00e4r bra p\u00e5 i Sverige, enligt Robert Gustafsson.<\/p>\n<p>\u2013 Om man har en affisch d\u00e4r det st\u00e5r \u201dSveriges folk\u201d s\u00e5 \u00e4r det n\u00e5gra med invandrarbakgrund och s\u00e5 \u00e4r det n\u00e5gra klassiska svenskar. Och s\u00e5 \u00e4r det det och det och en \u00e4r tjock och en \u00e4r smal och en \u00e4r liten och en \u00e4r stor. Och s\u00e5 n\u00e5gon i rullstol. Allts\u00e5 om inte de \u00e4r med d\u00e4r och ing\u00e5r s\u00e5 \u00e4r det ju ingen bild av paletten.<\/p>\n<p><strong>\u201dBubblan som heter Harry Flodman\u201d<\/strong><\/p>\n<p><img loading=\"lazy\" height=\"364\" width=\"648\" class=\"wp-image-714139 sp-no-webp perfmatters-lazy\" alt=\"\" decoding=\"async\" src=\"https:\/\/www.europesays.com\/se\/wp-content\/uploads\/2026\/02\/Grannfejden_01_47_27_18-1-648x364.jpg\"  data-\/> <\/p>\n<p>Precis som s\u00e5 m\u00e5nga av Ulf Malmros filmer utspelar sig \u201dGrannfejden\u201d i V\u00e4rmland. Gustafsson har spelat v\u00e4rml\u00e4nningar f\u00f6rut, men det var viktigt att Flodman skulle bli n\u00e5got annat.<\/p>\n<p>\u2013 Jag f\u00e5r inte nu l\u00e5ta som Roland J\u00e4rverup. S\u00e5 jag sa till Ulf att du f\u00e5r skrika till om det, och varna mig liksom. Och jag sa att om det blir f\u00f6r mycket eller f\u00f6r lite, g\u00f6r bara ner\u00e5t med handen. Ta ner eller upp, s\u00e5 vet jag. S\u00e5 regin var v\u00e4ldigt teckenspr\u00e5ksartad kan man s\u00e4ga.<\/p>\n<p>Medan karakt\u00e4ren talade till sk\u00e5despelaren redan i manuset var det n\u00e4r han fick ta p\u00e5 sig kl\u00e4derna som det verkligen klickade.<\/p>\n<p>\u2013 N\u00e4r vi provade kl\u00e4derna k\u00e4nde jag mig v\u00e4ldigt bekv\u00e4m p\u00e5 en g\u00e5ng, minns Gustafsson. K\u00e4nde igen k\u00e4nslan i kl\u00e4derna liksom. S\u00e5 att s\u00e5 l\u00e4nge jag har p\u00e5 mig de h\u00e4r nu s\u00e5 kommer jag nog vara i den h\u00e4r bubblan som heter Harry Flodman.<\/p>\n<p><strong>\u201d<\/strong>Det d\u00e4r glada, oskyldiga och \u00e4nd\u00e5 lite r\u00e4dda<strong>\u201d<\/strong><\/p>\n<p><img loading=\"lazy\" height=\"364\" width=\"648\" class=\"wp-image-713845 sp-no-webp perfmatters-lazy\" alt=\"\" decoding=\"async\" src=\"https:\/\/www.europesays.com\/se\/wp-content\/uploads\/2026\/02\/Grannfejden_01_48_44_23-1-648x364.jpg\"  data-\/> <\/p>\n<p>Robert Gustafsson ber\u00e4ttar hur han vanligtvis vill titta p\u00e5 tagningarna under inspelningen och bed\u00f6ma sin egen prestation, men att han valde bort det under \u201dGrannfejden\u201d f\u00f6r att ist\u00e4llet lita helt p\u00e5 Ulf Malmros. Allt f\u00f6r att inte tappa Harry Flodmans blick \u2013 den som han k\u00e4nde igen fr\u00e5n sin egen bror.<\/p>\n<p>\u2013 Den d\u00e4r blicken d\u00e4r, de d\u00e4r \u00f6gonen. Jag m\u00e5ste vara i den. Det d\u00e4r glada, oskyldiga och \u00e4nd\u00e5 lite r\u00e4dda. Jag m\u00e5ste f\u00e5 kunna vara d\u00e4r \u00e4ven mellan tagningarna i och med att det g\u00e5r s\u00e5 j\u00e4vla fort. Vi gjorde ju filmen p\u00e5 otroligt kort tid.<\/p>\n<p>\u2013 Sitta och fika och v\u00e4nta, det var inte mycket av den varan. S\u00e5 nej, d\u00e5 m\u00e5ste jag vara d\u00e4r fr\u00e5n morgonen till att vi \u00e5ker hem.<\/p>\n<p>Jag avslutar v\u00e5rt samtal med att fr\u00e5ga vilka av alla karri\u00e4rens karakt\u00e4rer som \u00e4r Robert Gustafssons egna favoriter. Han n\u00e4mner Roland J\u00e4rverup i <a href=\"https:\/\/www.moviezine.se\/movies\/torsk-pa-tallinn\" rel=\"nofollow noopener\" target=\"_blank\">\u201dTorsk p\u00e5 Tallinn\u201d<\/a> och Christer Landin i <a href=\"https:\/\/www.moviezine.se\/movies\/fyra-nyanser-av-brunt\" rel=\"nofollow noopener\" target=\"_blank\">\u201dFyra Nyanser av brunt\u201d<\/a>.<\/p>\n<p>\u2013 Sen undrar jag om inte Harry Flodman \u00e5ker in p\u00e5 listan \u00e4nd\u00e5, till\u00e4gger han med ett leende.<\/p>\n<p>\u201dGrannfejden\u201d g\u00e5r upp p\u00e5 svenska biografer p\u00e5 fredag den 20 februari. Se en trailer nedan:<\/p>\n<p><img loading=\"lazy\" decoding=\"async\" alt=\"YouTube video\" width=\"480\" height=\"360\" data-pin-nopin=\"true\" nopin=\"nopin\" class=\"perfmatters-lazy\" src=\"https:\/\/www.europesays.com\/se\/wp-content\/uploads\/2026\/01\/1768229655_430_hqdefault.jpg\"\/><\/p>\n<p>L\u00e4s ocks\u00e5: <a href=\"https:\/\/www.moviezine.se\/nyheter\/grannfejden-har-kjell-bergqvist-och-robert-gustafsson-i-hogform\" title=\"\u201dGrannfejden\u201d har Kjell Bergqvist och Robert Gustafsson i h\u00f6gform\" class=\"underline-custom !font-montserrat !font-bold !underline-offset-4 !decoration-4 !decoration-moviezine-green !text-md\" rel=\"nofollow noopener\" target=\"_blank\">\u201dGrannfejden\u201d har Kjell Bergqvist och Robert Gustafsson i h\u00f6gform<\/a><\/p>\n<p>L\u00e4s ocks\u00e5: <a href=\"https:\/\/www.moviezine.se\/nyheter\/robert-gustafssons-nya-storfilm-sagas-av-recensenter-skratten-ar-fa\" title=\"Robert Gustafssons nya storfilm s\u00e5gas av recensenter: \u201dSkratten \u00e4r f\u00e5\u201d\" class=\"underline-custom !font-montserrat !font-bold !underline-offset-4 !decoration-4 !decoration-moviezine-green !text-md\" rel=\"nofollow noopener\" target=\"_blank\">Robert Gustafssons nya storfilm s\u00e5gas av recensenter: \u201dSkratten \u00e4r f\u00e5\u201d<\/a><\/p>\n","protected":false},"excerpt":{"rendered":"Robert Gustafsson \u00e4r bioaktuell med en av karri\u00e4rens allra b\u00e4sta roller. I \u201dGrannfejden\u201d spelar han den egensinniga Harry&hellip;\n","protected":false},"author":2,"featured_media":168509,"comment_status":"","ping_status":"","sticky":false,"template":"","format":"standard","meta":{"footnotes":"","_share_on_mastodon":"0"},"categories":[67],"tags":[2113,104,2292,2293,34,2535,31,33,32,30,105],"class_list":["post-168508","post","type-post","status-publish","format-standard","has-post-thumbnail","category-underhallning","tag-bioaktuellt","tag-entertainment","tag-exklusivt","tag-intervjuer","tag-se","tag-svensk-film","tag-svenska","tag-sverige","tag-sweden","tag-swedish","tag-underhallning"],"share_on_mastodon":{"url":"https:\/\/pubeurope.com\/@se\/116089694722359731","error":""},"_links":{"self":[{"href":"https:\/\/www.europesays.com\/se\/wp-json\/wp\/v2\/posts\/168508","targetHints":{"allow":["GET"]}}],"collection":[{"href":"https:\/\/www.europesays.com\/se\/wp-json\/wp\/v2\/posts"}],"about":[{"href":"https:\/\/www.europesays.com\/se\/wp-json\/wp\/v2\/types\/post"}],"author":[{"embeddable":true,"href":"https:\/\/www.europesays.com\/se\/wp-json\/wp\/v2\/users\/2"}],"replies":[{"embeddable":true,"href":"https:\/\/www.europesays.com\/se\/wp-json\/wp\/v2\/comments?post=168508"}],"version-history":[{"count":0,"href":"https:\/\/www.europesays.com\/se\/wp-json\/wp\/v2\/posts\/168508\/revisions"}],"wp:featuredmedia":[{"embeddable":true,"href":"https:\/\/www.europesays.com\/se\/wp-json\/wp\/v2\/media\/168509"}],"wp:attachment":[{"href":"https:\/\/www.europesays.com\/se\/wp-json\/wp\/v2\/media?parent=168508"}],"wp:term":[{"taxonomy":"category","embeddable":true,"href":"https:\/\/www.europesays.com\/se\/wp-json\/wp\/v2\/categories?post=168508"},{"taxonomy":"post_tag","embeddable":true,"href":"https:\/\/www.europesays.com\/se\/wp-json\/wp\/v2\/tags?post=168508"}],"curies":[{"name":"wp","href":"https:\/\/api.w.org\/{rel}","templated":true}]}}