{"id":16851,"date":"2025-08-29T16:06:08","date_gmt":"2025-08-29T16:06:08","guid":{"rendered":"https:\/\/www.europesays.com\/se\/16851\/"},"modified":"2025-08-29T16:06:08","modified_gmt":"2025-08-29T16:06:08","slug":"frankrike-och-tyskland-starker-ukrainas-luftvarn","status":"publish","type":"post","link":"https:\/\/www.europesays.com\/se\/16851\/","title":{"rendered":"Frankrike och Tyskland st\u00e4rker Ukrainas luftv\u00e4rn"},"content":{"rendered":"<p>Frankrike och Tyskland kommer att bidra med mer utrustning till Ukrainas luftv\u00e4rn, meddelar de i ett gemensamt uttalande p\u00e5 fredagen enligt AFP.<\/p>\n<p>\u201dTrots intensiva diplomatiska anstr\u00e4ngningar visar Ryssland ingen avsikt att avsluta sitt aggressionskrig mot Ukraina\u201d, st\u00e5r det i uttalandet, som f\u00f6ljer p\u00e5 ett m\u00f6te mellan president Macron och f\u00f6rbundskansler Merz i s\u00f6dra Frankrike.<\/p>\n<p>Vidare s\u00e4ger ledarna att de \u00e4r \u00f6ppna f\u00f6r en \u201dstrategisk dialog\u201d om k\u00e4rnvapenavskr\u00e4ckning sinsemellan. Frankrike \u00e4r i\u202fdag det enda EU-landet med k\u00e4rnvapen.<\/p>\n<p>Ledarna till\u00e4gger att de ska pressa p\u00e5 f\u00f6r sekund\u00e4ra sanktioner mot l\u00e4nder som handlar med Ryssland, enligt Bloomberg.<\/p>\n<p>Omni \u00e4r politiskt obundna och oberoende. Vi str\u00e4var efter att ge fler perspektiv p\u00e5 nyheterna. Har du fr\u00e5gor eller synpunkter kring v\u00e5r rapportering? <a href=\"https:\/\/omni.se\/frankrike-och-tyskland-starker-ukrainas-luftvarn\/a\/mailto:redaktion@omni.se\" class=\"ArticleActions_contactLink__W2F1M\" rel=\"nofollow noopener\" target=\"_blank\">Kontakta redaktionen<\/a><\/p>\n","protected":false},"excerpt":{"rendered":"Frankrike och Tyskland kommer att bidra med mer utrustning till Ukrainas luftv\u00e4rn, meddelar de i ett gemensamt uttalande&hellip;\n","protected":false},"author":2,"featured_media":16852,"comment_status":"","ping_status":"","sticky":false,"template":"","format":"standard","meta":{"footnotes":""},"categories":[5],"tags":[22,23,265,267,26,27,266,260,17,21,24,25,28,29,15,16,18,269,264,34,31,33,32,30,19,20,408,263],"class_list":{"0":"post-16851","1":"post","2":"type-post","3":"status-publish","4":"format-standard","5":"has-post-thumbnail","7":"category-rubriker","8":"tag-breaking-news","9":"tag-breakingnews","10":"tag-emmanuel-macron","11":"tag-europa","12":"tag-featured-news","13":"tag-featurednews","14":"tag-frankrike","15":"tag-friedrich-merz","16":"tag-headlines","17":"tag-huvudnyheter","18":"tag-latest-news","19":"tag-latestnews","20":"tag-main-news","21":"tag-mainnews","22":"tag-news","23":"tag-nyheter","24":"tag-rubriker","25":"tag-ryska-invasionen","26":"tag-ryssland","27":"tag-se","28":"tag-svenska","29":"tag-sverige","30":"tag-sweden","31":"tag-swedish","32":"tag-top-stories","33":"tag-topstories","34":"tag-tyskland","35":"tag-ukraina"},"share_on_mastodon":{"url":"","error":""},"_links":{"self":[{"href":"https:\/\/www.europesays.com\/se\/wp-json\/wp\/v2\/posts\/16851","targetHints":{"allow":["GET"]}}],"collection":[{"href":"https:\/\/www.europesays.com\/se\/wp-json\/wp\/v2\/posts"}],"about":[{"href":"https:\/\/www.europesays.com\/se\/wp-json\/wp\/v2\/types\/post"}],"author":[{"embeddable":true,"href":"https:\/\/www.europesays.com\/se\/wp-json\/wp\/v2\/users\/2"}],"replies":[{"embeddable":true,"href":"https:\/\/www.europesays.com\/se\/wp-json\/wp\/v2\/comments?post=16851"}],"version-history":[{"count":0,"href":"https:\/\/www.europesays.com\/se\/wp-json\/wp\/v2\/posts\/16851\/revisions"}],"wp:featuredmedia":[{"embeddable":true,"href":"https:\/\/www.europesays.com\/se\/wp-json\/wp\/v2\/media\/16852"}],"wp:attachment":[{"href":"https:\/\/www.europesays.com\/se\/wp-json\/wp\/v2\/media?parent=16851"}],"wp:term":[{"taxonomy":"category","embeddable":true,"href":"https:\/\/www.europesays.com\/se\/wp-json\/wp\/v2\/categories?post=16851"},{"taxonomy":"post_tag","embeddable":true,"href":"https:\/\/www.europesays.com\/se\/wp-json\/wp\/v2\/tags?post=16851"}],"curies":[{"name":"wp","href":"https:\/\/api.w.org\/{rel}","templated":true}]}}