{"id":16855,"date":"2025-08-29T16:11:14","date_gmt":"2025-08-29T16:11:14","guid":{"rendered":"https:\/\/www.europesays.com\/se\/16855\/"},"modified":"2025-08-29T16:11:14","modified_gmt":"2025-08-29T16:11:14","slug":"flat-capital-satsar-halv-miljard-pa-forsvar-ska-bli-ledande-i-norden","status":"publish","type":"post","link":"https:\/\/www.europesays.com\/se\/16855\/","title":{"rendered":"Flat Capital satsar halv miljard p\u00e5 f\u00f6rsvar \u2013 ska bli ledande i Norden"},"content":{"rendered":"<p>Om inte Rysslands fullskaliga invasion av Ukraina st\u00e4llde allt p\u00e5 sin spets s\u00e5 gjorde <strong>Donald Trumps <\/strong>\u00e5terint\u00e5g i Vita huset det. N\u00e4r USA hotade med att dra sig tillbaka fr\u00e5n Europa vaknade den europeiska f\u00f6rsvarsindustrin och land efter land lovade stora investeringar.\u00a0<\/p>\n<p>Det har naturligtvis gjort att det blivit fart hos entrepren\u00f6rer men investeringarna har ibland varit kr\u00e5ngliga eftersom fonder har haft regelverk som f\u00f6rhindrar dem fr\u00e5n att investera i f\u00f6rsvarsbolag.<\/p>\n<p>Det problemet har inte Flat Capital, <strong>Sebastian Siemiatkowskis <\/strong>investeringsbolag. P\u00e5 fredagsmorgonen kom beskedet att Flat satsar 458 miljoner kronor i det nystartade Defensor. Defensor \u00e4r en industrigrupp som enligt ett pressmeddelande har som ambition att bli en ledande akt\u00f6r inom den nordiska f\u00f6rsvars- och s\u00e4kerhetsindustrin.\u00a0<\/p>\n<p>&#8221;Europa st\u00e5r inf\u00f6r den st\u00f6rsta upprustningen i modern tid&#8221;, s\u00e4ger Sebastian Siemiatkowski i pressmeddelandet.<\/p>\n<p>&#8221;Genom Defensor bygger vi en industrigrupp d\u00e4r framst\u00e5ende entrepren\u00f6rer tillsammans formar n\u00e4sta generations f\u00f6rsvarindustri \u2013 snabb, skalbar och anpassad f\u00f6r den nya tidens behov.&#8221;\u00a0<\/p>\n<p>F\u00f6r de 458 miljonerna f\u00e5r Flat en \u00e4garandel i Defensor p\u00e5 strax \u00f6ver 60 procent. I samband med investeringen k\u00f6per Defensor majoritetsandelar i tv\u00e5 svenska defensetechbolag, Kungsbackabolaget Armatech och Safe4U Security.\u00a0<\/p>\n<p>&#8221;Det \u00e4r en investering som ligger i linje med v\u00e5r kommunicerad strategi och samtidigt skiljer sig fr\u00e5n tidigare investeringar&#8221;, s\u00e4ger <strong>Hanna Andreen, <\/strong>vd p\u00e5 Flat Capital.<\/p>\n<p>&#8221;Vi g\u00e5r in med mer pengar, nu som majoritets\u00e4gare, och genom Defensor kan vi vara delaktiga i att bygga en industrigrupp d\u00e4r ledande entrepren\u00f6rer tillsammans formar n\u00e4sta generations f\u00f6rsvarsindustri.&#8221;<\/p>\n<p>Kursen i Flat gick rakt upp n\u00e4r handeln \u00f6ppnade p\u00e5 Stockholmsb\u00f6rsen p\u00e5 fredagen. Efter fem minuters handel hade kursen stigit med n\u00e4stan 11 procent.\u00a0<\/p>\n","protected":false},"excerpt":{"rendered":"Om inte Rysslands fullskaliga invasion av Ukraina st\u00e4llde allt p\u00e5 sin spets s\u00e5 gjorde Donald Trumps \u00e5terint\u00e5g i&hellip;\n","protected":false},"author":2,"featured_media":16856,"comment_status":"","ping_status":"","sticky":false,"template":"","format":"standard","meta":{"footnotes":""},"categories":[65],"tags":[72,87,70,71,88,91,90,92,34,89,86,31,33,32,30,85],"class_list":{"0":"post-16855","1":"post","2":"type-post","3":"status-publish","4":"format-standard","5":"has-post-thumbnail","7":"category-ekonomi","8":"tag-business","9":"tag-digital","10":"tag-economy","11":"tag-ekonomi","12":"tag-entreprenor","13":"tag-king","14":"tag-klarna","15":"tag-riskkapital","16":"tag-se","17":"tag-spotify","18":"tag-startups","19":"tag-svenska","20":"tag-sverige","21":"tag-sweden","22":"tag-swedish","23":"tag-tech"},"share_on_mastodon":{"url":"","error":""},"_links":{"self":[{"href":"https:\/\/www.europesays.com\/se\/wp-json\/wp\/v2\/posts\/16855","targetHints":{"allow":["GET"]}}],"collection":[{"href":"https:\/\/www.europesays.com\/se\/wp-json\/wp\/v2\/posts"}],"about":[{"href":"https:\/\/www.europesays.com\/se\/wp-json\/wp\/v2\/types\/post"}],"author":[{"embeddable":true,"href":"https:\/\/www.europesays.com\/se\/wp-json\/wp\/v2\/users\/2"}],"replies":[{"embeddable":true,"href":"https:\/\/www.europesays.com\/se\/wp-json\/wp\/v2\/comments?post=16855"}],"version-history":[{"count":0,"href":"https:\/\/www.europesays.com\/se\/wp-json\/wp\/v2\/posts\/16855\/revisions"}],"wp:featuredmedia":[{"embeddable":true,"href":"https:\/\/www.europesays.com\/se\/wp-json\/wp\/v2\/media\/16856"}],"wp:attachment":[{"href":"https:\/\/www.europesays.com\/se\/wp-json\/wp\/v2\/media?parent=16855"}],"wp:term":[{"taxonomy":"category","embeddable":true,"href":"https:\/\/www.europesays.com\/se\/wp-json\/wp\/v2\/categories?post=16855"},{"taxonomy":"post_tag","embeddable":true,"href":"https:\/\/www.europesays.com\/se\/wp-json\/wp\/v2\/tags?post=16855"}],"curies":[{"name":"wp","href":"https:\/\/api.w.org\/{rel}","templated":true}]}}