{"id":16857,"date":"2025-08-29T16:12:10","date_gmt":"2025-08-29T16:12:10","guid":{"rendered":"https:\/\/www.europesays.com\/se\/16857\/"},"modified":"2025-08-29T16:12:10","modified_gmt":"2025-08-29T16:12:10","slug":"palestinska-foretradare-stoppas-fran-fn-toppmote","status":"publish","type":"post","link":"https:\/\/www.europesays.com\/se\/16857\/","title":{"rendered":"Palestinska f\u00f6retr\u00e4dare stoppas fr\u00e5n FN-toppm\u00f6te"},"content":{"rendered":"<p>USA kommer inte att ge visum till f\u00f6retr\u00e4dare f\u00f6r Palestinska myndigheten och Palestinska befrielseorganisationen (PLO) under FN:s generalf\u00f6rsamling i New York i september, meddelar amerikanska UD enligt nyhetsbyr\u00e5er.<\/p>\n<p>Det inneb\u00e4r att Palestinska myndighetens president Mahmoud Abbas inte kommer kunna tala inf\u00f6r generalf\u00f6rsamlingen, som han brukar.<\/p>\n<p>Under m\u00f6tet ska bland annat fr\u00e5gan om erk\u00e4nnandet av en palestinsk stat diskuteras under ledning av Frankrike.<\/p>\n<p>Beslutet f\u00f6ljer p\u00e5 de sanktioner USA inf\u00f6rde mot medlemmar av PLO och Palestinska myndigheten i juli.<\/p>\n<p>Omni \u00e4r politiskt obundna och oberoende. Vi str\u00e4var efter att ge fler perspektiv p\u00e5 nyheterna. Har du fr\u00e5gor eller synpunkter kring v\u00e5r rapportering? <a href=\"https:\/\/omni.se\/usa-stanger-ute-palestinier-f\/a\/mailto:redaktion@omni.se\" class=\"ArticleActions_contactLink__W2F1M\" rel=\"nofollow noopener\" target=\"_blank\">Kontakta redaktionen<\/a><\/p>\n","protected":false},"excerpt":{"rendered":"USA kommer inte att ge visum till f\u00f6retr\u00e4dare f\u00f6r Palestinska myndigheten och Palestinska befrielseorganisationen (PLO) under FN:s generalf\u00f6rsamling&hellip;\n","protected":false},"author":2,"featured_media":16858,"comment_status":"","ping_status":"","sticky":false,"template":"","format":"standard","meta":{"footnotes":""},"categories":[14],"tags":[22,23,26,27,2150,2151,17,21,342,24,25,2148,28,29,124,125,15,268,16,123,2149,18,34,31,33,32,30,19,20,74,51,52,53,54],"class_list":{"0":"post-16857","1":"post","2":"type-post","3":"status-publish","4":"format-standard","5":"has-post-thumbnail","7":"category-varlden","8":"tag-breaking-news","9":"tag-breakingnews","10":"tag-featured-news","11":"tag-featurednews","12":"tag-fn","13":"tag-forenta-nationerna","14":"tag-headlines","15":"tag-huvudnyheter","16":"tag-israel","17":"tag-latest-news","18":"tag-latestnews","19":"tag-mahmoud-abbas","20":"tag-main-news","21":"tag-mainnews","22":"tag-mellanostern","23":"tag-mellanosternkrisen","24":"tag-news","25":"tag-nordamerika","26":"tag-nyheter","27":"tag-palestina","28":"tag-plo","29":"tag-rubriker","30":"tag-se","31":"tag-svenska","32":"tag-sverige","33":"tag-sweden","34":"tag-swedish","35":"tag-top-stories","36":"tag-topstories","37":"tag-usa","38":"tag-varlden","39":"tag-world","40":"tag-world-news","41":"tag-worldnews"},"share_on_mastodon":{"url":"","error":""},"_links":{"self":[{"href":"https:\/\/www.europesays.com\/se\/wp-json\/wp\/v2\/posts\/16857","targetHints":{"allow":["GET"]}}],"collection":[{"href":"https:\/\/www.europesays.com\/se\/wp-json\/wp\/v2\/posts"}],"about":[{"href":"https:\/\/www.europesays.com\/se\/wp-json\/wp\/v2\/types\/post"}],"author":[{"embeddable":true,"href":"https:\/\/www.europesays.com\/se\/wp-json\/wp\/v2\/users\/2"}],"replies":[{"embeddable":true,"href":"https:\/\/www.europesays.com\/se\/wp-json\/wp\/v2\/comments?post=16857"}],"version-history":[{"count":0,"href":"https:\/\/www.europesays.com\/se\/wp-json\/wp\/v2\/posts\/16857\/revisions"}],"wp:featuredmedia":[{"embeddable":true,"href":"https:\/\/www.europesays.com\/se\/wp-json\/wp\/v2\/media\/16858"}],"wp:attachment":[{"href":"https:\/\/www.europesays.com\/se\/wp-json\/wp\/v2\/media?parent=16857"}],"wp:term":[{"taxonomy":"category","embeddable":true,"href":"https:\/\/www.europesays.com\/se\/wp-json\/wp\/v2\/categories?post=16857"},{"taxonomy":"post_tag","embeddable":true,"href":"https:\/\/www.europesays.com\/se\/wp-json\/wp\/v2\/tags?post=16857"}],"curies":[{"name":"wp","href":"https:\/\/api.w.org\/{rel}","templated":true}]}}