{"id":16859,"date":"2025-08-29T16:14:26","date_gmt":"2025-08-29T16:14:26","guid":{"rendered":"https:\/\/www.europesays.com\/se\/16859\/"},"modified":"2025-08-29T16:14:26","modified_gmt":"2025-08-29T16:14:26","slug":"personen-som-glomde-parmen-ar-i-dag-ambassador","status":"publish","type":"post","link":"https:\/\/www.europesays.com\/se\/16859\/","title":{"rendered":"Personen som gl\u00f6mde p\u00e4rmen \u00e4r i\u00a0dag ambassad\u00f6r"},"content":{"rendered":"<p>Den tj\u00e4nsteperson som gl\u00f6mde en p\u00e4rm med sekretessbelagda uppgifter p\u00e5 Arlanda i slutet av 2022 \u00e4r i\u202fdag svensk ambassad\u00f6r, rapporterar Aftonbladet. Enligt DN ska p\u00e4rmen bland annat ha inneh\u00e5llit handlingar som handlade om Natosamtalen med Turkiet. <\/p>\n<p>Personen som gl\u00f6mde p\u00e4rmen hade d\u00e5 en opolitisk tj\u00e4nst i Regeringskansliet, men har sedan dess stigit i rang, enligt Aftonbladet. <\/p>\n<p>Ambassad\u00f6ren h\u00e4nvisar tidningens fr\u00e5gor till presstj\u00e4nsten. Presstj\u00e4nsten uppger bland annat att h\u00e4ndelsen \u201dhanterades i enlighet med Regeringskansliets rutiner\u201d. <\/p>\n<p>Omni \u00e4r politiskt obundna och oberoende. Vi str\u00e4var efter att ge fler perspektiv p\u00e5 nyheterna. Har du fr\u00e5gor eller synpunkter kring v\u00e5r rapportering? <a href=\"https:\/\/omni.se\/personen-som-glomde-parmen-ar-idag-ambassador\/a\/mailto:redaktion@omni.se\" class=\"ArticleActions_contactLink__W2F1M\" rel=\"nofollow noopener\" target=\"_blank\">Kontakta redaktionen<\/a><\/p>\n","protected":false},"excerpt":{"rendered":"Den tj\u00e4nsteperson som gl\u00f6mde en p\u00e4rm med sekretessbelagda uppgifter p\u00e5 Arlanda i slutet av 2022 \u00e4r i\u202fdag svensk&hellip;\n","protected":false},"author":2,"featured_media":16860,"comment_status":"","ping_status":"","sticky":false,"template":"","format":"standard","meta":{"footnotes":""},"categories":[5],"tags":[22,23,26,27,17,21,24,25,28,29,15,16,369,2153,18,2152,34,31,33,32,30,19,20],"class_list":{"0":"post-16859","1":"post","2":"type-post","3":"status-publish","4":"format-standard","5":"has-post-thumbnail","7":"category-rubriker","8":"tag-breaking-news","9":"tag-breakingnews","10":"tag-featured-news","11":"tag-featurednews","12":"tag-headlines","13":"tag-huvudnyheter","14":"tag-latest-news","15":"tag-latestnews","16":"tag-main-news","17":"tag-mainnews","18":"tag-news","19":"tag-nyheter","20":"tag-politik","21":"tag-regeringskansliet","22":"tag-rubriker","23":"tag-sakerhetspolitik","24":"tag-se","25":"tag-svenska","26":"tag-sverige","27":"tag-sweden","28":"tag-swedish","29":"tag-top-stories","30":"tag-topstories"},"share_on_mastodon":{"url":"","error":""},"_links":{"self":[{"href":"https:\/\/www.europesays.com\/se\/wp-json\/wp\/v2\/posts\/16859","targetHints":{"allow":["GET"]}}],"collection":[{"href":"https:\/\/www.europesays.com\/se\/wp-json\/wp\/v2\/posts"}],"about":[{"href":"https:\/\/www.europesays.com\/se\/wp-json\/wp\/v2\/types\/post"}],"author":[{"embeddable":true,"href":"https:\/\/www.europesays.com\/se\/wp-json\/wp\/v2\/users\/2"}],"replies":[{"embeddable":true,"href":"https:\/\/www.europesays.com\/se\/wp-json\/wp\/v2\/comments?post=16859"}],"version-history":[{"count":0,"href":"https:\/\/www.europesays.com\/se\/wp-json\/wp\/v2\/posts\/16859\/revisions"}],"wp:featuredmedia":[{"embeddable":true,"href":"https:\/\/www.europesays.com\/se\/wp-json\/wp\/v2\/media\/16860"}],"wp:attachment":[{"href":"https:\/\/www.europesays.com\/se\/wp-json\/wp\/v2\/media?parent=16859"}],"wp:term":[{"taxonomy":"category","embeddable":true,"href":"https:\/\/www.europesays.com\/se\/wp-json\/wp\/v2\/categories?post=16859"},{"taxonomy":"post_tag","embeddable":true,"href":"https:\/\/www.europesays.com\/se\/wp-json\/wp\/v2\/tags?post=16859"}],"curies":[{"name":"wp","href":"https:\/\/api.w.org\/{rel}","templated":true}]}}