{"id":16861,"date":"2025-08-29T16:16:08","date_gmt":"2025-08-29T16:16:08","guid":{"rendered":"https:\/\/www.europesays.com\/se\/16861\/"},"modified":"2025-08-29T16:16:08","modified_gmt":"2025-08-29T16:16:08","slug":"olli-jokinen-talar-ut-om-avskedet-fran-timra-en-handling-jag-alltid-foraktat-shl","status":"publish","type":"post","link":"https:\/\/www.europesays.com\/se\/16861\/","title":{"rendered":"Olli Jokinen talar ut om avskedet fr\u00e5n Timr\u00e5: \u201dEn handling jag alltid f\u00f6raktat\u201d | SHL"},"content":{"rendered":"<p>Publicerad 29 aug 2025 kl 15.43Uppdaterad kl 17.42<\/p>\n<p>Som en blixt fr\u00e5n klar himmel br\u00f6t Olli Jokinen avtalet med Timr\u00e5.\u00a0<\/p>\n<p>Nu talar hockeytr\u00e4naren ut om chockbeslutet.<\/p>\n<p>\u2013 Jag hade inget annat val \u00e4n att g\u00f6ra det ultimata \u201dfuck you\u201d-draget mot klubben, s\u00e4ger han till <a href=\"https:\/\/www.mtvuutiset.fi\/artikkeli\/olli-jokinen-teki-ultimaattisen-haista-v-u-liikkeen-jakaa-nyt-suoraa-tekstia-hifk-sta\/9211082\" rel=\"nofollow noopener\" target=\"_blank\">MTV Urheilu<\/a>.<\/p>\n<p><img loading=\"lazy\"   alt=\"\"\/> <\/p>\n<p>Foto: JONAS FORSBERG \/ BILDBYR\u00c5N<\/p>\n<p>\u00d6ppna bild i helsk\u00e4rm<img loading=\"lazy\"   alt=\"\"\/> <\/p>\n<p>Foto: MICHAEL ERICHSEN \/ BILDBYR\u00c5N<\/p>\n<p>\u00d6ppna bild i helsk\u00e4rm<\/p>\n<p>Olli Jokinen tog \u00f6ver som Timr\u00e5s huvudtr\u00e4nare i april 2024.\u00a0<\/p>\n<p>Men efter kvartsfinalutt\u00e5get mot Fr\u00f6lunda i v\u00e5ras valde Jokinen att bryta avtalet och flytta hem till familjen i Helsingfors \u2013 d\u00e4r han numera basar \u00f6ver HIFK.<\/p>\n<p>Chockbeskedet skapade rubriker \u00f6ver hela hockey-Sverige.<\/p>\n<p>\u2013 Det var en \u00f6verraskning, sa Timr\u00e5s ordf\u00f6rande Lars Backlund till Expressen d\u00e5.\u00a0<\/p>\n<p>\u201dEn handling jag f\u00f6raktar \u2013 ska respekteras\u201d<\/p>\n<p>Enligt Olli Jokinen br\u00f6ts 2+1-avtalet p\u00e5 grund av familjesk\u00e4l.<\/p>\n<p>Finl\u00e4ndaren har alltj\u00e4mt f\u00f6rst\u00e5else f\u00f6r att beskedet kom som en chock f\u00f6r Timr\u00e5 \u2013 som hade en tydlig vision om att ta n\u00e4sta stora steg i svensk hockey.<\/p>\n<p>\u2013 Sj\u00e4lvklart, det jag gjorde mot dem&#8230; det var en s\u00e5dan handling som jag alltid varit den f\u00f6rsta att f\u00f6rakta. Ett avtal ska respekteras. Jag hade inget annat val \u00e4n att g\u00f6ra det ultimata \u201dfuck you\u201d-draget mot klubben, s\u00e4ger han till MTV Urheilu.<\/p>\n<p>Expressen kunde tidigt rapportera om att han sj\u00e4lv k\u00f6pte sig ur kontraktet. Enligt Olli Jokinen var valet det enda r\u00e4tta.<\/p>\n<p>\u2013 Min fru sa h\u00e4romdagen att under den tid vi har varit tillsammans var det h\u00e4r f\u00f6rsta g\u00e5ngen jag gjorde ett s\u00e5dant val f\u00f6r familjen. Och specifikt familjen f\u00f6rst. N\u00e4r jag var free agent st\u00e4llde jag inte riktigt fr\u00e5gor om huruvida jag skulle \u00e5ka dit eller inte. Alla beslut har kretsat kring mig ganska sj\u00e4lviskt. Nu gick vi vidare med den enda, r\u00e4tta l\u00f6sningen.<\/p>\n<p>Tommy Samuelsson \u00e4r ny tr\u00e4nare f\u00f6r Timr\u00e5.<\/p>\n","protected":false},"excerpt":{"rendered":"Publicerad 29 aug 2025 kl 15.43Uppdaterad kl 17.42 Som en blixt fr\u00e5n klar himmel br\u00f6t Olli Jokinen avtalet&hellip;\n","protected":false},"author":2,"featured_media":16862,"comment_status":"","ping_status":"","sticky":false,"template":"","format":"standard","meta":{"footnotes":""},"categories":[68],"tags":[2154,34,255,823,111,110,31,33,32,30],"class_list":{"0":"post-16861","1":"post","2":"type-post","3":"status-publish","4":"format-standard","5":"has-post-thumbnail","7":"category-sport","8":"tag-organization-timra-ik","9":"tag-se","10":"tag-sections-ishockey","11":"tag-sections-shl","12":"tag-sport","13":"tag-sports","14":"tag-svenska","15":"tag-sverige","16":"tag-sweden","17":"tag-swedish"},"share_on_mastodon":{"url":"","error":""},"_links":{"self":[{"href":"https:\/\/www.europesays.com\/se\/wp-json\/wp\/v2\/posts\/16861","targetHints":{"allow":["GET"]}}],"collection":[{"href":"https:\/\/www.europesays.com\/se\/wp-json\/wp\/v2\/posts"}],"about":[{"href":"https:\/\/www.europesays.com\/se\/wp-json\/wp\/v2\/types\/post"}],"author":[{"embeddable":true,"href":"https:\/\/www.europesays.com\/se\/wp-json\/wp\/v2\/users\/2"}],"replies":[{"embeddable":true,"href":"https:\/\/www.europesays.com\/se\/wp-json\/wp\/v2\/comments?post=16861"}],"version-history":[{"count":0,"href":"https:\/\/www.europesays.com\/se\/wp-json\/wp\/v2\/posts\/16861\/revisions"}],"wp:featuredmedia":[{"embeddable":true,"href":"https:\/\/www.europesays.com\/se\/wp-json\/wp\/v2\/media\/16862"}],"wp:attachment":[{"href":"https:\/\/www.europesays.com\/se\/wp-json\/wp\/v2\/media?parent=16861"}],"wp:term":[{"taxonomy":"category","embeddable":true,"href":"https:\/\/www.europesays.com\/se\/wp-json\/wp\/v2\/categories?post=16861"},{"taxonomy":"post_tag","embeddable":true,"href":"https:\/\/www.europesays.com\/se\/wp-json\/wp\/v2\/tags?post=16861"}],"curies":[{"name":"wp","href":"https:\/\/api.w.org\/{rel}","templated":true}]}}