{"id":16878,"date":"2025-08-29T16:38:10","date_gmt":"2025-08-29T16:38:10","guid":{"rendered":"https:\/\/www.europesays.com\/se\/16878\/"},"modified":"2025-08-29T16:38:10","modified_gmt":"2025-08-29T16:38:10","slug":"kina-och-xi-jinping-visar-militara-muskler-parad-trump-bara-kan-dromma-om","status":"publish","type":"post","link":"https:\/\/www.europesays.com\/se\/16878\/","title":{"rendered":"Kina och Xi Jinping visar milit\u00e4ra muskler \u2013 parad Trump bara kan dr\u00f6mma om"},"content":{"rendered":"<p>Mats Larsson<\/p>\n<p>Publicerad 29 aug 2025 kl 12.59<\/p>\n<p>Det \u00e4r dags f\u00f6r lag \u00f6st att visa upp sig.<\/p>\n<p>Kinas president Xi Jinping st\u00e5r som v\u00e4rd.<\/p>\n<p>Han planerar en milit\u00e4rparad som ska imponera \u00e4ven p\u00e5 Donald Trump.<\/p>\n<p><img   alt=\"\"\/><\/p>\n<p>Kinesiska soldater \u00f6var inf\u00f6r milit\u00e4rparaden den 3 september.<\/p>\n<p>Foto: AP\/TT NYHETSBYR\u00c5N<\/p>\n<p>\u00d6ppna bild i helsk\u00e4rm<img loading=\"lazy\"   alt=\"\"\/><\/p>\n<p>Kinas president Xi Jinping.<\/p>\n<p>Foto: KAZAKHSTAN&#8217;S PRESIDENTIAL PRESS OFFICE HANDO \/ EPA KAZAKHSTAN&#8217;S PRESIDENTIAL PO<\/p>\n<p>\u00d6ppna bild i helsk\u00e4rm<\/p>\n<p>Detta \u00e4r en kommenterande text. Analys och st\u00e4llningstaganden \u00e4r skribentens.<\/p>\n<p><img   alt=\"\"\/>Mats Larsson<\/p>\n<p>Det g\u00e5r att t\u00e4nka sig en v\u00e4rld d\u00e4r \u00e4ven USA:s president och ledare fr\u00e5n Europa skulle resa till Peking i n\u00e4sta vecka.<\/p>\n<p>P\u00e5 onsdag, den 3 september, firar Kina att det g\u00e5tt 80 \u00e5r sedan andra v\u00e4rldskriget verkligen tog slut. Dagen innan hade Japan skrivit under kapitulationen.<\/p>\n<p>F\u00f6r Kina hade kriget b\u00f6rjat fler \u00e5r innan Tyskland invaderade Polen i september 1939. Japans flygbombningar av Shanghai, mass\u00f6vergreppen i Nanjing 1937 var en f\u00f6rsmak av vad som komma skulle p\u00e5 andra h\u00e5ll i v\u00e4rlden.<\/p>\n<p><strong>Kriget kostade 20 miljoner kinesiska liv, bara i Sovjetunionen dog fler. S\u00e5 ja, det \u00e4r en dag v\u00e4rd att ih\u00e5gkommas.<\/strong><\/p>\n<p><strong>Men USA och Europa h\u00e5ller sig borta. Vi lever inte i en v\u00e4rld av samf\u00f6rst\u00e5nd och enighet.<\/strong><\/p>\n<p>Kina talar \u00f6ppet om ambitionen att skapa en ny v\u00e4rldsordning, en v\u00e4rld inte l\u00e4ngre dominerad av USA och resten av v\u00e4stv\u00e4rlden.<\/p>\n<p>En viktig partner i detta projekt \u00e4r Ryssland och Vladimir Putin. Men det \u00e4r m\u00e5nga andra l\u00e4nder som nu ocks\u00e5 dyker upp i Kina.<\/p>\n<p>Det b\u00f6rjar redan i helgen n\u00e4r Shanghai Co-operation Organisation \u2013 en samling l\u00e4nder kring Centralasien d\u00e4r \u00e4ven Ryssland ing\u00e5r \u2013 h\u00e5ller m\u00f6te.<\/p>\n<p>Dit kommer i \u00e5r \u00e4ven Indiens premi\u00e4rminister Narendra Modi. Relationen mellan Kina och Indien har ofta varit frostig och Modis bes\u00f6k blir det f\u00f6rsta i Kina p\u00e5 sju \u00e5r.<\/p>\n<p>Det kommer samtidigt som relationen mellan USA och Indien f\u00f6rs\u00e4mrats sedan USA inf\u00f6rt tullar mot Indien som straff f\u00f6r landets stora import av ryska olja och gas. Kina importerar \u00e4n mer, men han inte bestraffats p\u00e5 samma s\u00e4tt av USA.<\/p>\n<p>Modi uppges inte delta vid milit\u00e4rparaden p\u00e5 onsdag, men det g\u00f6r deltagare fr\u00e5n en hel del andra l\u00e4nder, l\u00e4nder fr\u00e5n den globala s\u00f6dern som f\u00f6rs\u00f6ker man\u00f6vrera mellan USA och Kina.<\/p>\n<p>Dit h\u00f6r l\u00e4nder som Indonesien och Malaysia. Sedan kommer \u00e4ven bittra fiender till USA, som Iran, Kuba och Nordkorea.<\/p>\n<p><img loading=\"lazy\"   alt=\"\"\/><\/p>\n<p>Rysslands president Vladimir Putin och Nordkoreas Kim Jong-Un kommer att m\u00f6ta igen i Kina n\u00e4sta vecka.<\/p>\n<p>Foto: Gavriil Grigorov \/ AP TT NYHETSBYR\u00c5N<\/p>\n<p>\u00d6ppna bild i helsk\u00e4rm<\/p>\n<p>Kim Jong-Un kommer att n\u00e4rvara vid paraden, hans f\u00f6rsta deltagande n\u00e5gonsin i en s\u00e5dan h\u00e4r internationell sammankomst. Putin \u00e4r d\u00e4r f\u00f6rst\u00e5s ocks\u00e5.<\/p>\n<p>Allt blir en uppvisning i den globala roll Kina kan spela som rival till ett v\u00e4stl\u00e4ger som inte l\u00e4ngre k\u00e4nns s\u00e5 enat. \u00c4ven en ledare fr\u00e5n ett EU-land v\u00e4nts komma, Slovakiens Robert Fico.<\/p>\n<p><strong>H\u00f6jdpunkten p\u00e5 onsdag blir en milit\u00e4rparad vid Den himmelska fridens torg, som l\u00e4r g\u00f6ra Donald Trump gr\u00f6n av avund.<\/strong><\/p>\n<p><strong>Trump fick sin egen efterl\u00e4ngtade milit\u00e4rparad p\u00e5 sin f\u00f6delsedag i juni (sammanf\u00f6ll med att USA:s arm\u00e9 fyllde 250 \u00e5r), men det blev ingen uppvisning som imponerade p\u00e5 kineserna. Slappt marscherande, patetiska folksamlingar, var n\u00e5gra av omd\u00f6mena.<\/strong><\/p>\n<p>Annons<\/p>\n<p>Senast Kina anordnade en milit\u00e4rparad av den h\u00e4r storleken var 2019 d\u00e5 Folkrepubliken Kina firade 50 \u00e5r. Och Kinas milit\u00e4r tros nu komma att visa upp en hel del nya vapen.<\/p>\n<p>Kina har under <a href=\"https:\/\/www.expressen.se\/tagg\/person\/xi-jinping\/\" class=\"\" rel=\"nofollow noopener\" target=\"_blank\">Xi Jinping<\/a> rustat upp och moderniserat sin milit\u00e4r rej\u00e4lt. Senast 2027 ska Kinas soldater vara beredd att kunna invadera Taiwan, om en s\u00e5dan order skulle komma fr\u00e5n landets president.<\/p>\n<blockquote><p>\u201dHela v\u00e4rldens blickar\u201d<\/p><\/blockquote>\n<p>Repetitionerna inf\u00f6r paraden har p\u00e5g\u00e5tt ett tag och de har bland annat inkluderat fyra nya hypersoniska sj\u00f6stridsrobotar, vapen som tagits fram f\u00f6r att kunna sl\u00e5 ut den amerikanska flottan vid en framtid konflikt i Kinas n\u00e4romr\u00e5de.<\/p>\n<p>\u00c4ven nya stridsvagnar och Kinas nyaste stridsflygplan J-35A v\u00e4ntas visas upp. Under den kortvariga konflikten mellan Indien och Pakistan i v\u00e5ras s\u00e5 anv\u00e4nde Pakistan f\u00f6r f\u00f6rsta g\u00e5ngen kinesiskt stridsflyg och missiler i strid &#8211; och med framg\u00e5ng.<\/p>\n<p>S\u00e5 ja, Xi Jinping hoppas att hela v\u00e4rlden v\u00e4nder blickarna mot Peking p\u00e5 onsdag, \u00e4ven de l\u00e4nder som inte svarat p\u00e5 inbjudan att delta. Team \u00d6st sp\u00e4nner sina milit\u00e4ra muskler.<\/p>\n","protected":false},"excerpt":{"rendered":"Mats Larsson Publicerad 29 aug 2025 kl 12.59 Det \u00e4r dags f\u00f6r lag \u00f6st att visa upp sig.&hellip;\n","protected":false},"author":2,"featured_media":16879,"comment_status":"","ping_status":"","sticky":false,"template":"","format":"standard","meta":{"footnotes":""},"categories":[14],"tags":[22,23,26,27,17,21,24,25,972,28,29,15,16,198,1133,203,2157,18,34,1492,31,33,32,30,19,781,20,51,52,53,54],"class_list":{"0":"post-16878","1":"post","2":"type-post","3":"status-publish","4":"format-standard","5":"has-post-thumbnail","7":"category-varlden","8":"tag-breaking-news","9":"tag-breakingnews","10":"tag-featured-news","11":"tag-featurednews","12":"tag-headlines","13":"tag-huvudnyheter","14":"tag-latest-news","15":"tag-latestnews","16":"tag-location-kina","17":"tag-main-news","18":"tag-mainnews","19":"tag-news","20":"tag-nyheter","21":"tag-person-donald-trump","22":"tag-person-kim-jong-un","23":"tag-person-vladimir-putin","24":"tag-person-xi-jinping","25":"tag-rubriker","26":"tag-se","27":"tag-sections-matslarsson","28":"tag-svenska","29":"tag-sverige","30":"tag-sweden","31":"tag-swedish","32":"tag-top-stories","33":"tag-topic-utrikespolitik","34":"tag-topstories","35":"tag-varlden","36":"tag-world","37":"tag-world-news","38":"tag-worldnews"},"share_on_mastodon":{"url":"","error":""},"_links":{"self":[{"href":"https:\/\/www.europesays.com\/se\/wp-json\/wp\/v2\/posts\/16878","targetHints":{"allow":["GET"]}}],"collection":[{"href":"https:\/\/www.europesays.com\/se\/wp-json\/wp\/v2\/posts"}],"about":[{"href":"https:\/\/www.europesays.com\/se\/wp-json\/wp\/v2\/types\/post"}],"author":[{"embeddable":true,"href":"https:\/\/www.europesays.com\/se\/wp-json\/wp\/v2\/users\/2"}],"replies":[{"embeddable":true,"href":"https:\/\/www.europesays.com\/se\/wp-json\/wp\/v2\/comments?post=16878"}],"version-history":[{"count":0,"href":"https:\/\/www.europesays.com\/se\/wp-json\/wp\/v2\/posts\/16878\/revisions"}],"wp:featuredmedia":[{"embeddable":true,"href":"https:\/\/www.europesays.com\/se\/wp-json\/wp\/v2\/media\/16879"}],"wp:attachment":[{"href":"https:\/\/www.europesays.com\/se\/wp-json\/wp\/v2\/media?parent=16878"}],"wp:term":[{"taxonomy":"category","embeddable":true,"href":"https:\/\/www.europesays.com\/se\/wp-json\/wp\/v2\/categories?post=16878"},{"taxonomy":"post_tag","embeddable":true,"href":"https:\/\/www.europesays.com\/se\/wp-json\/wp\/v2\/tags?post=16878"}],"curies":[{"name":"wp","href":"https:\/\/api.w.org\/{rel}","templated":true}]}}