{"id":16900,"date":"2025-08-29T16:55:08","date_gmt":"2025-08-29T16:55:08","guid":{"rendered":"https:\/\/www.europesays.com\/se\/16900\/"},"modified":"2025-08-29T16:55:08","modified_gmt":"2025-08-29T16:55:08","slug":"abdifatah-yahye-omar-internationellt-efterlyst","status":"publish","type":"post","link":"https:\/\/www.europesays.com\/se\/16900\/","title":{"rendered":"Abdifatah Yahye Omar internationellt efterlyst"},"content":{"rendered":"<p>Publicerad 29 aug 2025 kl 18.05Uppdaterad kl 18.11<\/p>\n<p>Abdifatah Yahye Omar, 24, sk\u00f6t rakt in i en grupp m\u00e4nniskor med automatkarbin.<\/p>\n<p>En 23-\u00e5ring tr\u00e4ffades i huvudet och dog.<\/p>\n<p>Skytten fick livstids f\u00e4ngelse i somras \u2013 men nu \u00e4r han sp\u00e5rl\u00f6st f\u00f6rsvunnen.<\/p>\n<p>Nyheter, reportage och analyser i Sverige och i \u00f6vriga v\u00e4rlden.<img   alt=\"\"\/><\/p>\n<p>Abdifatah Yahye Omar \u00e4r d\u00f6md f\u00f6r mord och flera mordf\u00f6rs\u00f6k.<\/p>\n<p>Foto: Polisen<\/p>\n<p>\u00d6ppna bild i helsk\u00e4rm<img loading=\"lazy\"   alt=\"\"\/><\/p>\n<p>Enligt utredningen visar bilden hur skytten stiger ur bilen i Jordbro, minuter f\u00f6re mordet.<\/p>\n<p>Foto: Polisen<\/p>\n<p>\u00d6ppna bild i helsk\u00e4rm<\/p>\n<p>I september 2023 stod flera m\u00e4n och grillade p\u00e5 en inneg\u00e5rd i <a href=\"https:\/\/www.expressen.se\/tagg\/location\/jordbro\/\" class=\"\" rel=\"nofollow noopener\" target=\"_blank\">Jordbro<\/a>, s\u00f6der om Stockholm.\u00a0<\/p>\n<p>Sent p\u00e5 kv\u00e4llen k\u00f6rde en vit Dodge Ram fram till m\u00e4nnen. 24-\u00e5riga Abdifatah Yahye Omar hoppade ur bilen och \u00f6ppnade eld med en automatkarbin.<\/p>\n<p>En 23-\u00e5ring tr\u00e4ffades i huvudet och dog. En annan tr\u00e4ffades i handen.<\/p>\n<p>Dagen innan blev en man i 60-\u00e5rs\u00e5ldern skjuten i br\u00f6stet n\u00e4r han \u00f6ppnade d\u00f6rren till sitt hus i \u00c5kersberga, nordost om Stockholm. Mannen skadades allvarligt men klarade sig.<\/p>\n<p>Ingen av m\u00e4nnen hade n\u00e5gon koppling till g\u00e4ngbrottslighet och polisen tror d\u00e5den var riktade mot Ismail Abdos sida i Foxtrot-konflikten.<\/p>\n<p>\u00c4r internationellt efterlyst<\/p>\n<p>Fyra personer \u2013 <a href=\"https:\/\/www.expressen.se\/nyheter\/sverige\/yahye-omar-abdifatah-far-livstid-for-brutala-skjutningarna\/\" rel=\"nofollow noopener\" target=\"_blank\">Billy Linder, 24, Embla Linder, 22, Josip Dumencic, 23, och Besim Alijaj, 20, d\u00f6mdes i tingsr\u00e4tten till livstids f\u00e4ngelse<\/a> f\u00f6r inblandning i mordet och mordf\u00f6rs\u00f6ken.<\/p>\n<p>Tingsr\u00e4tten tyckte dock inte att bevisningen mot den utpekade skytten h\u00f6ll och han d\u00f6mdes bara f\u00f6r grovt vapenbrott.<\/p>\n<p>Domen \u00f6verklagades till hovr\u00e4tten som i somras gjorde en helt annan bed\u00f6mning \u2013 och slog fast att det var Omar som l\u00e5g bakom skotten.<\/p>\n<p>\u00c4ven han d\u00f6mdes d\u00e5 till livstids f\u00e4ngelse.<\/p>\n<p>Under hovr\u00e4ttsf\u00f6rhandlingen var 24-\u00e5ringen dock sl\u00e4ppt p\u00e5 fri fot \u2013 och nu \u00e4r han f\u00f6rsvunnen.<\/p>\n<p>Kriminalv\u00e5rden har inte kunnat f\u00e5 tag p\u00e5 Omar f\u00f6r att meddela att han ska inst\u00e4lla sig p\u00e5 Kumlaanstalten. Sedan n\u00e5gra dagar har han nu efterlysts internationellt, meddelar myndigheten.<\/p>\n<p>I sitt beslut, som nyhetsbyr\u00e5n Siren tagit del av, skriver Kriminalv\u00e5rden att det finns en sannolik risk att Omar f\u00f6rs\u00f6ker undkomma straffet genom att h\u00e5lla sig undan.<\/p>\n","protected":false},"excerpt":{"rendered":"Publicerad 29 aug 2025 kl 18.05Uppdaterad kl 18.11 Abdifatah Yahye Omar, 24, sk\u00f6t rakt in i en grupp&hellip;\n","protected":false},"author":2,"featured_media":16901,"comment_status":"","ping_status":"","sticky":false,"template":"","format":"standard","meta":{"footnotes":""},"categories":[12],"tags":[22,23,26,27,17,21,24,25,2163,28,29,15,16,18,34,154,31,33,32,30,19,668,1153,436,20],"class_list":{"0":"post-16900","1":"post","2":"type-post","3":"status-publish","4":"format-standard","5":"has-post-thumbnail","7":"category-sverige","8":"tag-breaking-news","9":"tag-breakingnews","10":"tag-featured-news","11":"tag-featurednews","12":"tag-headlines","13":"tag-huvudnyheter","14":"tag-latest-news","15":"tag-latestnews","16":"tag-location-jordbro","17":"tag-main-news","18":"tag-mainnews","19":"tag-news","20":"tag-nyheter","21":"tag-rubriker","22":"tag-se","23":"tag-sections-sverige","24":"tag-svenska","25":"tag-sverige","26":"tag-sweden","27":"tag-swedish","28":"tag-top-stories","29":"tag-topic-gangkriminalitet","30":"tag-topic-kriminalvard-fangelse","31":"tag-topic-valdsbrott-mord","32":"tag-topstories"},"share_on_mastodon":{"url":"","error":""},"_links":{"self":[{"href":"https:\/\/www.europesays.com\/se\/wp-json\/wp\/v2\/posts\/16900","targetHints":{"allow":["GET"]}}],"collection":[{"href":"https:\/\/www.europesays.com\/se\/wp-json\/wp\/v2\/posts"}],"about":[{"href":"https:\/\/www.europesays.com\/se\/wp-json\/wp\/v2\/types\/post"}],"author":[{"embeddable":true,"href":"https:\/\/www.europesays.com\/se\/wp-json\/wp\/v2\/users\/2"}],"replies":[{"embeddable":true,"href":"https:\/\/www.europesays.com\/se\/wp-json\/wp\/v2\/comments?post=16900"}],"version-history":[{"count":0,"href":"https:\/\/www.europesays.com\/se\/wp-json\/wp\/v2\/posts\/16900\/revisions"}],"wp:featuredmedia":[{"embeddable":true,"href":"https:\/\/www.europesays.com\/se\/wp-json\/wp\/v2\/media\/16901"}],"wp:attachment":[{"href":"https:\/\/www.europesays.com\/se\/wp-json\/wp\/v2\/media?parent=16900"}],"wp:term":[{"taxonomy":"category","embeddable":true,"href":"https:\/\/www.europesays.com\/se\/wp-json\/wp\/v2\/categories?post=16900"},{"taxonomy":"post_tag","embeddable":true,"href":"https:\/\/www.europesays.com\/se\/wp-json\/wp\/v2\/tags?post=16900"}],"curies":[{"name":"wp","href":"https:\/\/api.w.org\/{rel}","templated":true}]}}