{"id":16930,"date":"2025-08-29T17:45:10","date_gmt":"2025-08-29T17:45:10","guid":{"rendered":"https:\/\/www.europesays.com\/se\/16930\/"},"modified":"2025-08-29T17:45:10","modified_gmt":"2025-08-29T17:45:10","slug":"emma-holmgren-ar-gravid-comebacken-far-vanta","status":"publish","type":"post","link":"https:\/\/www.europesays.com\/se\/16930\/","title":{"rendered":"Emma Holmgren \u00e4r gravid: \u201dComebacken f\u00e5r v\u00e4nta\u201d"},"content":{"rendered":"<p>Emma Holmgren, m\u00e5lvakt i svenska landslaget och damallsvenska Hammarby, \u00e4r gravid. Det meddelar hon p\u00e5 Instagram. Holmgren var med i sommarens EM-trupp men fick ingen speltid. Hon skrev p\u00e5 f\u00f6r Hammarby i januari och ansl\u00f6t till laget efter Europam\u00e4sterskapet. <\/p>\n<p>Hon har \u00e4nnu inte spelat n\u00e5gon match f\u00f6r Hammarby, en klubb hon l\u00e4mnade f\u00f6r sju \u00e5r sedan. <\/p>\n<p>\u201dDet har pirrat i kroppen av l\u00e4ngtan efter att dra p\u00e5 mig den gr\u00f6nvita tr\u00f6jan igen. Tyv\u00e4rr blir det inte nu i h\u00f6st, utan den comebacken f\u00e5r v\u00e4nta lite till\u201d, skriver Holmgren i ett uttalande p\u00e5 sociala medier. <\/p>\n<p>Omni \u00e4r politiskt obundna och oberoende. Vi str\u00e4var efter att ge fler perspektiv p\u00e5 nyheterna. Har du fr\u00e5gor eller synpunkter kring v\u00e5r rapportering? <a href=\"https:\/\/omni.se\/emma-holmgren-ar-gravid-comebacken-far-vanta\/a\/mailto:redaktion@omni.se\" class=\"ArticleActions_contactLink__W2F1M\" rel=\"nofollow noopener\" target=\"_blank\">Kontakta redaktionen<\/a><\/p>\n","protected":false},"excerpt":{"rendered":"Emma Holmgren, m\u00e5lvakt i svenska landslaget och damallsvenska Hammarby, \u00e4r gravid. Det meddelar hon p\u00e5 Instagram. Holmgren var&hellip;\n","protected":false},"author":2,"featured_media":16931,"comment_status":"","ping_status":"","sticky":false,"template":"","format":"standard","meta":{"footnotes":""},"categories":[5],"tags":[22,23,2166,26,27,138,859,17,21,24,25,28,29,15,16,18,34,31,33,32,30,19,20],"class_list":{"0":"post-16930","1":"post","2":"type-post","3":"status-publish","4":"format-standard","5":"has-post-thumbnail","7":"category-rubriker","8":"tag-breaking-news","9":"tag-breakingnews","10":"tag-emma-holmgren","11":"tag-featured-news","12":"tag-featurednews","13":"tag-fotboll","14":"tag-hammarby-if-fotboll","15":"tag-headlines","16":"tag-huvudnyheter","17":"tag-latest-news","18":"tag-latestnews","19":"tag-main-news","20":"tag-mainnews","21":"tag-news","22":"tag-nyheter","23":"tag-rubriker","24":"tag-se","25":"tag-svenska","26":"tag-sverige","27":"tag-sweden","28":"tag-swedish","29":"tag-top-stories","30":"tag-topstories"},"share_on_mastodon":{"url":"","error":""},"_links":{"self":[{"href":"https:\/\/www.europesays.com\/se\/wp-json\/wp\/v2\/posts\/16930","targetHints":{"allow":["GET"]}}],"collection":[{"href":"https:\/\/www.europesays.com\/se\/wp-json\/wp\/v2\/posts"}],"about":[{"href":"https:\/\/www.europesays.com\/se\/wp-json\/wp\/v2\/types\/post"}],"author":[{"embeddable":true,"href":"https:\/\/www.europesays.com\/se\/wp-json\/wp\/v2\/users\/2"}],"replies":[{"embeddable":true,"href":"https:\/\/www.europesays.com\/se\/wp-json\/wp\/v2\/comments?post=16930"}],"version-history":[{"count":0,"href":"https:\/\/www.europesays.com\/se\/wp-json\/wp\/v2\/posts\/16930\/revisions"}],"wp:featuredmedia":[{"embeddable":true,"href":"https:\/\/www.europesays.com\/se\/wp-json\/wp\/v2\/media\/16931"}],"wp:attachment":[{"href":"https:\/\/www.europesays.com\/se\/wp-json\/wp\/v2\/media?parent=16930"}],"wp:term":[{"taxonomy":"category","embeddable":true,"href":"https:\/\/www.europesays.com\/se\/wp-json\/wp\/v2\/categories?post=16930"},{"taxonomy":"post_tag","embeddable":true,"href":"https:\/\/www.europesays.com\/se\/wp-json\/wp\/v2\/tags?post=16930"}],"curies":[{"name":"wp","href":"https:\/\/api.w.org\/{rel}","templated":true}]}}