{"id":17011,"date":"2025-08-29T19:47:28","date_gmt":"2025-08-29T19:47:28","guid":{"rendered":"https:\/\/www.europesays.com\/se\/17011\/"},"modified":"2025-08-29T19:47:28","modified_gmt":"2025-08-29T19:47:28","slug":"en-blankett-sen-far-hogerextremisten-bo-med-kvinnor","status":"publish","type":"post","link":"https:\/\/www.europesays.com\/se\/17011\/","title":{"rendered":"En blankett \u2013 sen f\u00e5r h\u00f6gerextremisten bo med kvinnor"},"content":{"rendered":"<p>Sofie L\u00f6wenmark<\/p>\n<p>Publicerad 29 aug 2025 kl 18.00<\/p>\n<p>Den tyske h\u00f6gerextremisten bytte k\u00f6n \u2013 och kl\u00e4dde av politikerna.<\/p>\n<p><img   alt=\"\"\/><\/p>\n<p>Tyske h\u00f6gerextremisten Sven Liebich har bytt k\u00f6n och heter nu Marla-Svenja.<\/p>\n<p>Foto: Sk\u00e4rmdump\/X<\/p>\n<p>\u00d6ppna bild i helsk\u00e4rm<img loading=\"lazy\"   alt=\"\"\/><\/p>\n<p>Sven Liebich har tidigare kallat transpersoner f\u00f6r \u201dsamh\u00e4llsparasiter\u201d.<\/p>\n<p>Foto: Christian Mang \/ TT NYHETSBYR\u00c5N<\/p>\n<p>\u00d6ppna bild i helsk\u00e4rm<img   alt=\"\"\/>Sofie L\u00f6wenmark<\/p>\n<p>I slutet av f\u00f6rra \u00e5ret tr\u00e4dde <a href=\"https:\/\/www.expressen.se\/tagg\/location\/tyskland\/\" class=\"\" rel=\"nofollow noopener\" target=\"_blank\">Tysklands<\/a> nya sj\u00e4lvbest\u00e4mmandelag om juridiskt k\u00f6n i kraft. Varje person kan nu byta k\u00f6n genom en enkel anm\u00e4lan. Ingen medicinsk pr\u00f6vning kr\u00e4vs, bara en blankett p\u00e5 en dryg sida. Lagen \u00e4r snarlik den svenska som g\u00e4ller sedan den 1 juli.\u00a0<\/p>\n<p>Den tyska lagen pr\u00f6vas nu f\u00f6r f\u00f6rsta g\u00e5ngen i ett <a href=\"https:\/\/www.svt.se\/nyheter\/utrikes\/tysk-hogerextremist-byter-juridiskt-kon-for-att-placeras-i-kvinnofangelse\" rel=\"nofollow noopener\" target=\"_blank\">uppm\u00e4rksammat<\/a> fall. Det handlar om Sven Liebich, numera Marla-Svenja Liebich. Han var tidigare medlem i den nynazistiska organisationen Blut und Ehre och \u00e4r sedan l\u00e4nge k\u00e4nd inom h\u00f6gerextrema kretsar.<\/p>\n<p><strong>Efter att ha d\u00f6mts f\u00f6r bland annat hets mot folkgrupp valde Sven Liebich att byta juridiskt k\u00f6n.\u00a0<\/strong><\/p>\n<p>Fallet har v\u00e5llat intensiv debatt i Tyskland. D\u00e4r tycks f\u00e5 ta den mustaschprydde, h\u00e5rdf\u00f6re Pridemotst\u00e5ndaren Liebich p\u00e5 allvar. Eftersom han bland annat kallat transpersoner f\u00f6r \u201dsamh\u00e4llsparasiter\u201d har m\u00e5nga valt att forts\u00e4tta ben\u00e4mna honom med manliga pronomen. Sven Liebich har svarat med r\u00e4ttsprocesser mot medier f\u00f6r felaktig beskrivning av k\u00f6nsidentitet. F\u00f6r att f\u00f6rst\u00e4rka parodin har han ocks\u00e5 meddelat att han identifierar sig som jude och anm\u00e4lt behov av koshermat.<\/p>\n<p>Under fredagen kommer Liebich d\u00e4rf\u00f6r att b\u00f6rja avtj\u00e4na sitt straff p\u00e5 ett kvinnof\u00e4ngelse. En sista ventil \u00e5terst\u00e5r dock f\u00f6r f\u00e4ngelseledningen. Om Liebich ses som en s\u00e4kerhetsrisk kan det bli aktuellt med omplacering till annan anstalt. Mot det talar dock att han inte tidigare \u00e4r d\u00f6md f\u00f6r brott mot kvinnor.<\/p>\n<blockquote><p>Med ett enda pennstreck p\u00e5 en blankett lyckas han h\u00e5na transpersoner, f\u00f6rl\u00f6jliga den nya lagen och samtidigt vinna egna f\u00f6rdelar under f\u00e4ngelsevistelsen<\/p><\/blockquote>\n<p>N\u00e4r en d\u00f6md person pl\u00f6tsligt kan v\u00e4lja att byta f\u00e4ngelsemilj\u00f6 med en enkel blankett handlar det inte l\u00e4ngre bara om enskildas r\u00e4tt till sin k\u00f6nsidentitet. Det finns en rad internationella exempel p\u00e5 manliga sexualf\u00f6rbrytare och kvinnomisshandlare som valt att definiera sig som kvinnor och som f\u00f6rflyttats till kvinnoanstalter. I vissa fall <a href=\"https:\/\/www.nbcnewyork.com\/investigations\/man-posing-as-transgender-woman-raped-female-prisoner-at-rikers-lawsuit-says\/5067904\/\" rel=\"nofollow noopener\" target=\"_blank\">misst\u00e4nks<\/a> de sedan ha f\u00f6rgripit sig p\u00e5 medf\u00e5ngar.<\/p>\n<p><strong>Bland transf\u00e5ngarna i Storbritannien som placerades i kvinnof\u00e4ngelser var en majoritet d\u00f6mda f\u00f6r sexualbrott mot kvinnor. Uppm\u00e4rksammade fall med v\u00e5ldt\u00e4ktsm\u00e4n och kvinnopl\u00e5gare som d\u00f6k upp p\u00e5 kvinnoanstalter resulterade i <\/strong><a href=\"https:\/\/www.gov.uk\/government\/news\/new-transgender-prisoner-policy-comes-into-force\" rel=\"nofollow noopener\" target=\"_blank\"><strong>beslut<\/strong><\/a><strong> om att transpersoner med manliga k\u00f6nsorgan inte l\u00e4ngre kan placeras i kvinnof\u00e4ngelser.\u00a0<\/strong><\/p>\n<p>I Tyskland kr\u00e4ver flera partier nu att lagen ses \u00f6ver. Men milj\u00f6partiet Die Gr\u00fcne kallar det b\u00e5de populistiskt och fruktansv\u00e4rt om lagen skulle \u00e4ndras p\u00e5 grund av Sven Liebich. Partiet bortser helt fr\u00e5n konsekvenserna f\u00f6r \u00f6vriga kvinnliga f\u00e5ngar.<\/p>\n<p>Marla-Svenja Liebich kan \u00e5terigen bli den juridiska mannen Sven n\u00e4r sp\u00e4rrtiden l\u00f6per ut om ett \u00e5r. Passande nog \u00e4r det ungef\u00e4r samtidigt som han avtj\u00e4nat straffet.\u00a0<\/p>\n<p>P\u00e5 X forts\u00e4tter han att trolla \u2013 det finns inga tecken p\u00e5 att k\u00f6nsbytet \u00e4r ett utslag av att han l\u00e4mnat sina tidigare \u00e5sikter bakom sig.<\/p>\n<p>Annons<\/p>\n<p>Fallet Sven Liebich \u00e4r ocks\u00e5 h\u00f6gintressant f\u00f6r Sverige. F\u00f6respr\u00e5karna f\u00f6r k\u00f6nstillh\u00f6righetslagen har best\u00e4mt avf\u00e4rdat alla farh\u00e5gor om att lagen kan missbrukas. Det finns mer omfattande risker med lagen \u00e4n m\u00e4n som s\u00f6ker sig till kvinnof\u00e4ngelser. Den \u00f6ppnar ocks\u00e5 d\u00f6rrar f\u00f6r den organiserade brottsligheten, vilket <a href=\"https:\/\/www.expressen.se\/ledare\/ledare-behover-du-en-ny-identitet-ring-kry\/\" rel=\"nofollow noopener\" target=\"_blank\">ledarsidan<\/a> tidigare varnat f\u00f6r.\u00a0<\/p>\n<p>Ett annat problem \u00e4r att kampen f\u00f6r kvinnors r\u00e4ttigheter reduceras n\u00e4r det inte kr\u00e4vs n\u00e5got f\u00f6r att betecknas som kvinna. Medborgarnas f\u00f6rtroende f\u00f6r r\u00e4ttsystemet riskerar ocks\u00e5 att undergr\u00e4vas n\u00e4r lagar blir s\u00e5 verklighetsfr\u00e5nv\u00e4nda att de enkelt kan utnyttjas av kriminella f\u00f6r uppenbart taktiska syften \u2013 och lagstiftare och myndigheter accepterar det med \u00f6ppna \u00f6gon.<\/p>\n<p><strong>Ett k\u00f6nsbyte \u00e4r det optimala s\u00e4ttet f\u00f6r den tyske h\u00f6gerextremisten att sl\u00e5 mot det som han avskyr. Med ett enda pennstreck p\u00e5 en blankett lyckas han h\u00e5na transpersoner, f\u00f6rl\u00f6jliga den nya lagen och samtidigt vinna egna f\u00f6rdelar under f\u00e4ngelsevistelsen. Han ser det som ett juridiskt sk\u00e4mt.<\/strong><\/p>\n<p>Sven \u201dMarla-Svenja\u201d Liebich visar att lagen \u00e4r absurd. Till och med den som f\u00f6raktar dess grundid\u00e9 kan enkelt anv\u00e4nda den till sin egen f\u00f6rdel.<\/p>\n<p>Sofie L\u00f6wenmark \u00e4r frist\u00e5ende kolumnist p\u00e5 Expressens ledarsida. L\u00e4s fler av hennes texter <a href=\"https:\/\/www.expressen.se\/av\/sofie-lowenmark\/\" rel=\"nofollow noopener\" target=\"_blank\">h\u00e4r<\/a>.<\/p>\n<p><strong>L\u00c4S MER: <\/strong><a href=\"https:\/\/www.expressen.se\/ledare\/sofie-lowenmark\/salafisterna-vill-bygga--en-moske-i-manaden\/\" class=\"\" rel=\"nofollow noopener\" target=\"_blank\">Salafisterna vill bygga  en mosk\u00e9 \u2013 i m\u00e5naden<\/a><strong>L\u00c4S MER: <\/strong><a href=\"https:\/\/www.expressen.se\/ledare\/ledare-behover-du-en-ny-identitet-ring-kry\/\" class=\"\" rel=\"nofollow noopener\" target=\"_blank\">LEDARE: Beh\u00f6ver du en ny identitet? Ring Kry<\/a><\/p>\n","protected":false},"excerpt":{"rendered":"Sofie L\u00f6wenmark Publicerad 29 aug 2025 kl 18.00 Den tyske h\u00f6gerextremisten bytte k\u00f6n \u2013 och kl\u00e4dde av politikerna.&hellip;\n","protected":false},"author":2,"featured_media":17012,"comment_status":"","ping_status":"","sticky":false,"template":"","format":"standard","meta":{"footnotes":""},"categories":[5],"tags":[22,23,26,27,17,21,24,25,199,57,28,29,15,16,2172,18,34,149,31,33,32,30,19,2173,20],"class_list":{"0":"post-17011","1":"post","2":"type-post","3":"status-publish","4":"format-standard","5":"has-post-thumbnail","7":"category-rubriker","8":"tag-breaking-news","9":"tag-breakingnews","10":"tag-featured-news","11":"tag-featurednews","12":"tag-headlines","13":"tag-huvudnyheter","14":"tag-latest-news","15":"tag-latestnews","16":"tag-location-storbritannien","17":"tag-location-tyskland","18":"tag-main-news","19":"tag-mainnews","20":"tag-news","21":"tag-nyheter","22":"tag-organization-x","23":"tag-rubriker","24":"tag-se","25":"tag-sections-sofielowenmark","26":"tag-svenska","27":"tag-sverige","28":"tag-sweden","29":"tag-swedish","30":"tag-top-stories","31":"tag-topic-hbtq","32":"tag-topstories"},"share_on_mastodon":{"url":"","error":""},"_links":{"self":[{"href":"https:\/\/www.europesays.com\/se\/wp-json\/wp\/v2\/posts\/17011","targetHints":{"allow":["GET"]}}],"collection":[{"href":"https:\/\/www.europesays.com\/se\/wp-json\/wp\/v2\/posts"}],"about":[{"href":"https:\/\/www.europesays.com\/se\/wp-json\/wp\/v2\/types\/post"}],"author":[{"embeddable":true,"href":"https:\/\/www.europesays.com\/se\/wp-json\/wp\/v2\/users\/2"}],"replies":[{"embeddable":true,"href":"https:\/\/www.europesays.com\/se\/wp-json\/wp\/v2\/comments?post=17011"}],"version-history":[{"count":0,"href":"https:\/\/www.europesays.com\/se\/wp-json\/wp\/v2\/posts\/17011\/revisions"}],"wp:featuredmedia":[{"embeddable":true,"href":"https:\/\/www.europesays.com\/se\/wp-json\/wp\/v2\/media\/17012"}],"wp:attachment":[{"href":"https:\/\/www.europesays.com\/se\/wp-json\/wp\/v2\/media?parent=17011"}],"wp:term":[{"taxonomy":"category","embeddable":true,"href":"https:\/\/www.europesays.com\/se\/wp-json\/wp\/v2\/categories?post=17011"},{"taxonomy":"post_tag","embeddable":true,"href":"https:\/\/www.europesays.com\/se\/wp-json\/wp\/v2\/tags?post=17011"}],"curies":[{"name":"wp","href":"https:\/\/api.w.org\/{rel}","templated":true}]}}