{"id":170204,"date":"2026-02-19T19:28:07","date_gmt":"2026-02-19T19:28:07","guid":{"rendered":"https:\/\/www.europesays.com\/se\/170204\/"},"modified":"2026-02-19T19:28:07","modified_gmt":"2026-02-19T19:28:07","slug":"fatih-akins-amrum-om-en-nazistisk-mamma-ger-en-sjosjuka-kulturnytt","status":"publish","type":"post","link":"https:\/\/www.europesays.com\/se\/170204\/","title":{"rendered":"Fatih Akins \u201dAmrum\u201d\u00a0om en nazistisk mamma ger en sj\u00f6sjuka &#8211; Kulturnytt"},"content":{"rendered":"<p><strong>Det \u00e4r en idyll<\/strong>, den tyska \u00f6n Amrum med sina sanddyner utanf\u00f6r Nordsj\u00f6kusten. Den tyska regiss\u00f6ren Fatih Akins nya film heter som \u00f6n, \u201dAmrum\u201d, och ber\u00e4ttar stillsamt och havsvackert om den tolv\u00e5rige pojken Nanning som \u00e4r medlem i Hitlerjugend och har en pappa som \u00e4r SS Obersturmbahnf\u00fchrer. Pojkens h\u00f6ggravida mamma \u00e4r en lojal hustru och \u00f6vertygad nazist.<\/p>\n<p>\u201dAmrum\u201d \u00e4r en sj\u00e4lvbiografisk ber\u00e4ttelse som bygger p\u00e5 manusf\u00f6rfattaren Hark Bohms minnen av flykten till \u00f6n i andra v\u00e4rldskrigets slutskede. \u00d6borna \u00e4r delvis f\u00f6rskonade fr\u00e5n sv\u00e4lt, fiskarna r\u00f6ker flundror, barnen vet hur man f\u00e5ngar kaniner, fortfarande kan man sk\u00f6rda betor och potatis trots kriget. Huvudpersonen Nanning hj\u00e4lper till p\u00e5 \u00e5kern och f\u00e5r betalt i rotsaker, kanske till och med en bit sm\u00f6r om han ligger i. Hemma i den \u00e5lderdomliga sl\u00e4ktstugan med m\u00f6nstrade tapeter och tunga m\u00f6bler, v\u00e4ntar mamman och syskonen p\u00e5 mat.<\/p>\n<p>\u201dAmrum\u201d \u00e4r besl\u00e4ktad med en av f\u00f6rrf\u00f6rra \u00e5rets b\u00e4sta filmer: \u201dThe Zone of Interest\u201d, b\u00e5da beskriver de med ett iskallt lugn, ett slags nazistiskt vardagsliv med blommor och l\u00e4ngtan efter lyxvaror som honung och vitt br\u00f6d. Hur barnen till b\u00f6dlarna blir en del av d\u00f6dsapparaten, vare sig de vill eller inte. Och vi \u00e5sk\u00e5dare blir till tysta vittnen, lite som havet och sanden. \u201dAmrum\u201d \u00e4r b\u00e5de en moraliskt uppfordrande och sj\u00f6sjukeframkallande sk\u00f6nhetsupplevelse i ett.<\/p>\n<p class=\"byline\">Nina Asarnoj<br \/><a class=\"internal-link\" target=\"_self\" href=\"https:\/\/www.sverigesradio.se\/artikel\/mailto:nina.asarnoj@sverigesradio.se\" rel=\"nofollow noopener\">nina.asarnoj@sverigesradio.se<\/a><\/p>\n","protected":false},"excerpt":{"rendered":"Det \u00e4r en idyll, den tyska \u00f6n Amrum med sina sanddyner utanf\u00f6r Nordsj\u00f6kusten. Den tyska regiss\u00f6ren Fatih Akins&hellip;\n","protected":false},"author":2,"featured_media":170205,"comment_status":"","ping_status":"","sticky":false,"template":"","format":"standard","meta":{"footnotes":"","_share_on_mastodon":"0"},"categories":[67],"tags":[900,904,104,903,902,194,898,899,787,171,901,34,31,33,32,30,905,105],"class_list":["post-170204","post","type-post","status-publish","format-standard","has-post-thumbnail","category-underhallning","tag-bcker","tag-dans","tag-entertainment","tag-film","tag-konst","tag-kultur","tag-kulturnyheter","tag-kulturnytt","tag-lyssna","tag-radio","tag-recensioner","tag-se","tag-svenska","tag-sverige","tag-sweden","tag-swedish","tag-teater","tag-underhallning"],"share_on_mastodon":{"url":"https:\/\/pubeurope.com\/@se\/116098951012962533","error":""},"_links":{"self":[{"href":"https:\/\/www.europesays.com\/se\/wp-json\/wp\/v2\/posts\/170204","targetHints":{"allow":["GET"]}}],"collection":[{"href":"https:\/\/www.europesays.com\/se\/wp-json\/wp\/v2\/posts"}],"about":[{"href":"https:\/\/www.europesays.com\/se\/wp-json\/wp\/v2\/types\/post"}],"author":[{"embeddable":true,"href":"https:\/\/www.europesays.com\/se\/wp-json\/wp\/v2\/users\/2"}],"replies":[{"embeddable":true,"href":"https:\/\/www.europesays.com\/se\/wp-json\/wp\/v2\/comments?post=170204"}],"version-history":[{"count":0,"href":"https:\/\/www.europesays.com\/se\/wp-json\/wp\/v2\/posts\/170204\/revisions"}],"wp:featuredmedia":[{"embeddable":true,"href":"https:\/\/www.europesays.com\/se\/wp-json\/wp\/v2\/media\/170205"}],"wp:attachment":[{"href":"https:\/\/www.europesays.com\/se\/wp-json\/wp\/v2\/media?parent=170204"}],"wp:term":[{"taxonomy":"category","embeddable":true,"href":"https:\/\/www.europesays.com\/se\/wp-json\/wp\/v2\/categories?post=170204"},{"taxonomy":"post_tag","embeddable":true,"href":"https:\/\/www.europesays.com\/se\/wp-json\/wp\/v2\/tags?post=170204"}],"curies":[{"name":"wp","href":"https:\/\/api.w.org\/{rel}","templated":true}]}}