{"id":17058,"date":"2025-08-29T21:47:10","date_gmt":"2025-08-29T21:47:10","guid":{"rendered":"https:\/\/www.europesays.com\/se\/17058\/"},"modified":"2025-08-29T21:47:10","modified_gmt":"2025-08-29T21:47:10","slug":"brynas-premiarfoll-i-chl-utan-backis-trogt","status":"publish","type":"post","link":"https:\/\/www.europesays.com\/se\/17058\/","title":{"rendered":"Bryn\u00e4s premi\u00e4rf\u00f6ll i CHL utan &#8221;B\u00e4ckis&#8221;: &#8221;Tr\u00f6gt&#8221;"},"content":{"rendered":"<p><strong><a href=\"https:\/\/hockeysverige.se\/klubb\/brynas-if\" rel=\"nofollow noopener\" target=\"_blank\">Bryn\u00e4s<\/a> inleder 2025\/26 med en f\u00f6rlust i <a href=\"https:\/\/hockeysverige.se\/champions-hockey-league\" rel=\"nofollow noopener\" target=\"_blank\">Champions Hockey League<\/a>.<\/strong><br \/><strong>SM-finalisterna f\u00f6ll under fredagen med 1\u20134 mot tjeckiska Kometa Brno \u2013 utan <a href=\"https:\/\/hockeysverige.se\/spelare\/nicklas-backstrom\" rel=\"nofollow noopener\" target=\"_blank\">Nicklas B\u00e4ckstr\u00f6m<\/a><\/strong>.<strong><br \/>\u2013\u00a0Tuff start p\u00e5 Europa-spelet f\u00f6r Bryn\u00e4s, s\u00e4ger Viaplays kommentator Jonatan Lindquist i <a href=\"https:\/\/viaplay.se\/player\/default\/\/sport\/ishockey\/champions-hockey-league\/kometa-brno-brynas\/s25082100232345872\" rel=\"nofollow noopener\" target=\"_blank\">s\u00e4ndningen.<\/a><\/strong><\/p>\n<p><img loading=\"lazy\" decoding=\"async\" width=\"1024\" height=\"658\" src=\"https:\/\/www.europesays.com\/se\/wp-content\/uploads\/2025\/08\/Backis-Galla-1024x658.webp.webp\" alt=\"\" class=\"wp-image-300335\"  \/>Nicklas B\u00e4ckstr\u00f6m och Niklas G\u00e4llstedt. <strong>Foto:<\/strong> Bildbyr\u00e5n (montage).<\/p>\n<p>Se matchens h\u00f6jdpunkter i videospelaren ovan.<\/p>\n<p>Utan Nicklas B\u00e4ckstr\u00f6m <a href=\"https:\/\/hockeysverige.se\/champions-hockey-league\/nicklas-backstrom-saknas-chl-premiar\/\" rel=\"nofollow noopener\" target=\"_blank\">(l\u00e4s mer h\u00e4r)<\/a>, Kieffer Bellows, med fler, klev Bryn\u00e4s under fredagen ut p\u00e5 isen f\u00f6r sin f\u00f6rsta t\u00e4vlingsmatch 2025\/26. Tjeckiska Kometa Brno stod f\u00f6r most\u00e5ndet och 40 minuter senare kunde G\u00e4llstedts mannar konstatera att \u00e4ventyret i CHL f\u00e5tt en tung start. <\/p>\n<p>Trots ett \u00f6vertag i skottstatistiken klev G\u00e4vle-laget in i f\u00f6rsta pausen med 0\u20131 p\u00e5 tavlan. D\u00e4refter tappade man iv\u00e4g siffrorna till 0\u20133 redan vid sex minuter i den andra perioden efter att tidigare IK Oskarshamns-forwarden Tomas Zohorna st\u00e5tt f\u00f6r dubbla assist under kvicka startan, den sista till brorsan Hynek Zohorna. <\/p>\n<p>Jack Kopacka fick till slut h\u00e5l p\u00e5 Alex Stezka i Brno-m\u00e5let och s\u00e5g till att uppf\u00f6rsbacken med 20 minuter kvar att spela endast var tv\u00e5 m\u00e5l. \u00c4nd\u00e5 kom aldrig riktigt n\u00e5gon ordentligt uppryckning av fjol\u00e5rets SM-finalister. <\/p>\n<p>\u2013\u00a0Lite tr\u00f6gt tempo. Det fanns fina tendenser, inte minst i b\u00f6rjan av perioden fr\u00e5n firma Larsson-Silfverberg, men nu har det g\u00e5tt lite i st\u00e5 i det f\u00f6r Bryn\u00e4s, s\u00e4ger Viaplays kommentator Jonatan Lindquist i s\u00e4ndningen av m\u00f6tet. <\/p>\n<p>Ist\u00e4llet f\u00f6r reducering i andra \u00e4nden satte Brno 4\u20131 i tom m\u00e5lbur och s\u00e4krade d\u00e4rmed sin seger i CHL-premi\u00e4ren.<\/p>\n<p><strong>Kometa Brno \u2013 Bryn\u00e4s: 4\u20131<\/strong> (1\u20130, 2\u20131, <br \/><strong>Brno: <\/strong>Jan Ekrt, Libor Zabransky, Hynek Zohorna, Simon Stransky.<strong><br \/>Bryn\u00e4s:<\/strong> Jack Kopacka.<\/p>\n<p><strong>M\u00e5lvakter:<\/strong><br \/>Collin Delia<br \/>Damian Clara<\/p>\n<p><strong>Backpar:<\/strong><br \/>Michal Kempn\u00fd \u2013 Johannes Kinnvall<br \/>Christian Djoos \u2013 Robert H\u00e4gg<br \/>Aron Dahlqvist \u2013 Mattias Norlinder<br \/>Victor Hedin Raftheim<\/p>\n<p><strong>Forwards:<\/strong><br \/>Oskar Lindblom \u2013 Greg Scott -Anton R\u00f6din<br \/>Axel Jonsson-Fj\u00e4llby \u2013 Johan Larsson \u2013 Jakob Silfverberg<br \/>Michal Svr\u010dek \u2013 Linus \u00d6lund \u2013 Jack Kopacka<br \/>Lucas Pettersson \u2013 Tyler Vesel \u2013 Leo Sundqvist<br \/>Gustav Hillstr\u00f6m<\/p>\n","protected":false},"excerpt":{"rendered":"Bryn\u00e4s inleder 2025\/26 med en f\u00f6rlust i Champions Hockey League.SM-finalisterna f\u00f6ll under fredagen med 1\u20134 mot tjeckiska Kometa&hellip;\n","protected":false},"author":2,"featured_media":17059,"comment_status":"","ping_status":"","sticky":false,"template":"","format":"standard","meta":{"footnotes":""},"categories":[5],"tags":[22,23,26,27,17,21,24,25,28,29,15,16,18,34,133,134,31,33,32,30,19,20],"class_list":{"0":"post-17058","1":"post","2":"type-post","3":"status-publish","4":"format-standard","5":"has-post-thumbnail","7":"category-rubriker","8":"tag-breaking-news","9":"tag-breakingnews","10":"tag-featured-news","11":"tag-featurednews","12":"tag-headlines","13":"tag-huvudnyheter","14":"tag-latest-news","15":"tag-latestnews","16":"tag-main-news","17":"tag-mainnews","18":"tag-news","19":"tag-nyheter","20":"tag-rubriker","21":"tag-se","22":"tag-second-news","23":"tag-shl","24":"tag-svenska","25":"tag-sverige","26":"tag-sweden","27":"tag-swedish","28":"tag-top-stories","29":"tag-topstories"},"share_on_mastodon":{"url":"","error":""},"_links":{"self":[{"href":"https:\/\/www.europesays.com\/se\/wp-json\/wp\/v2\/posts\/17058","targetHints":{"allow":["GET"]}}],"collection":[{"href":"https:\/\/www.europesays.com\/se\/wp-json\/wp\/v2\/posts"}],"about":[{"href":"https:\/\/www.europesays.com\/se\/wp-json\/wp\/v2\/types\/post"}],"author":[{"embeddable":true,"href":"https:\/\/www.europesays.com\/se\/wp-json\/wp\/v2\/users\/2"}],"replies":[{"embeddable":true,"href":"https:\/\/www.europesays.com\/se\/wp-json\/wp\/v2\/comments?post=17058"}],"version-history":[{"count":0,"href":"https:\/\/www.europesays.com\/se\/wp-json\/wp\/v2\/posts\/17058\/revisions"}],"wp:featuredmedia":[{"embeddable":true,"href":"https:\/\/www.europesays.com\/se\/wp-json\/wp\/v2\/media\/17059"}],"wp:attachment":[{"href":"https:\/\/www.europesays.com\/se\/wp-json\/wp\/v2\/media?parent=17058"}],"wp:term":[{"taxonomy":"category","embeddable":true,"href":"https:\/\/www.europesays.com\/se\/wp-json\/wp\/v2\/categories?post=17058"},{"taxonomy":"post_tag","embeddable":true,"href":"https:\/\/www.europesays.com\/se\/wp-json\/wp\/v2\/tags?post=17058"}],"curies":[{"name":"wp","href":"https:\/\/api.w.org\/{rel}","templated":true}]}}