{"id":171106,"date":"2026-02-20T20:26:07","date_gmt":"2026-02-20T20:26:07","guid":{"rendered":"https:\/\/www.europesays.com\/se\/171106\/"},"modified":"2026-02-20T20:26:07","modified_gmt":"2026-02-20T20:26:07","slug":"sd-pa-kna-i-israel-spridsav-nazister-och-hamas","status":"publish","type":"post","link":"https:\/\/www.europesays.com\/se\/171106\/","title":{"rendered":"SD p\u00e5 kn\u00e4 i Israel \u2013 sprids\nav nazister och Hamas"},"content":{"rendered":"<p>SD-ledamoten gick ner p\u00e5 kn\u00e4 efter Hamas massaker den 7 oktober.<\/p>\n<p>Nu n\u00e5r klippet miljoner \u2013 spritt av nazister och Iran-styrda medier.\u00a0<\/p>\n<p>Budskapet: Svensk politiker bugar och h\u00e5nas av israeler.\u00a0<\/p>\n<p>\u2013 D\u00e5 kontaktade jag S\u00e4po, s\u00e4ger Alexander Christiansson (SD).\u00a0<\/p>\n<p>Senaste nyhetsklippen fr\u00e5n Expressen.<img   alt=\"\"\/><\/p>\n<p>Alexander Christiansson (SD).<\/p>\n<p>Foto: SVEN LINDWALL<\/p>\n<p>\u00d6ppna bild i helsk\u00e4rmArtikeln i korthet<\/p>\n<p> Riksdagsledamoten Alexander Christiansson (SD) reste till Israel p\u00e5 inbjudan av den kristna r\u00f6relsen Jerusalem prayer breakfast, \u00e5tta m\u00e5nader efter Hamas terrorattack den 7 oktober.<\/p>\n<p> Under ett m\u00f6te med anh\u00f6riga till m\u00f6rdade israeler gick han ner p\u00e5 kn\u00e4 och lade sin hand \u00f6ver en pappa som ber\u00e4ttade om sin d\u00f6dade son.<\/p>\n<p> Gesten filmades och klippet har f\u00e5tt miljontals visningar p\u00e5 n\u00e4tet.\u00a0<\/p>\n<p> Nazister och Hamas-n\u00e4ra kanaler spred det med budskapet att den svenske riksdagsledamoten bugade f\u00f6r judar eller sionister. N\u00e5got som ledde till grova hot.<\/p>\n<p> Samtidigt visar videon att m\u00f6tet sker i n\u00e4rvaro av israeliska politiker fr\u00e5n ett h\u00f6gernationalistiskt parti med r\u00f6tter i bos\u00e4ttarr\u00f6relsen.<\/p>\n<p>Visa mer<\/p>\n<p>\u00c5tta m\u00e5nader efter terrorst\u00e4mplade Hamas attack mot Israel den 7 oktober 2023 \u00e5kte riksdagsledamoten Alexander Christiansson (SD) p\u00e5 en resa till Israel, inbjuden av Jerusalem prayer breakfast.<\/p>\n<p>Organisationen grundades av en representant f\u00f6r det h\u00f6gernationalistiska israeliska partiet Yisrael Beiteinu och en amerikansk republikansk politiker. Det \u00e4r en kristen b\u00f6ner\u00f6relse som samlas i flera l\u00e4nder f\u00f6r att be f\u00f6r \u201dfred \u00f6ver Jerusalem\u201d.<\/p>\n<p>Organisationen h\u00f6ll en konferens i det israeliska parlamentet, knesset, och de inbjudna fick se den s\u00e5 kallade \u201d47-minutersvideon\u201d \u2013 ihopklippt material som Hamasterrorister spelade in den 7 oktober.<\/p>\n<p>\u2013 Jag \u00e4r inte k\u00e4nslig p\u00e5 n\u00e5got s\u00e4tt, jag har sett mycket, men det var f\u00f6rf\u00e4rligt att se, s\u00e4ger Alexander Christiansson.<\/p>\n<p>Efter det fick han, tagen, tr\u00e4ffa familjemedlemmar till personer som m\u00f6rdades i samband med terrord\u00e5det.<\/p>\n<p>\u2013 Det var ett litet, slutet s\u00e4llskap som jag som parlamentariker var inbjuden att tr\u00e4ffa. Kan det ha varit fem, sex f\u00f6r\u00e4ldrar kanske, till barn som omkom den 7 oktober. Och det var allt fr\u00e5n bebisar till vuxna barn, s\u00e4ger han.<\/p>\n<p>B\u00f6jer sig p\u00e5 kn\u00e4<\/p>\n<p>Vid ett m\u00f6te satt han i en cirkel med familjemedlemmar till offer. \u00c4ven den israeliske parlamentarikern Ohad Tal var d\u00e4r. Han tillh\u00f6r samma parti som Israels finansminister Bezalel Smotrich, ett h\u00f6gernationalistiskt parti med r\u00f6tter i bos\u00e4ttarr\u00f6relsen som f\u00f6respr\u00e5kar annektering av hela eller stora delar av V\u00e4stbanken.<\/p>\n<p>En pappa ber\u00e4ttade om sin son.\u00a0<\/p>\n<p>\u2013 Jag blev v\u00e4ldigt ber\u00f6rd av att h\u00f6ra deras ber\u00e4ttelser, det fanns en \u00f6dmjukhet. En \u00f6dmjukhet gentemot situationen, allt som h\u00e4nder mot palestinierna och de som faller offer d\u00e4r.\u00a0<\/p>\n<p>Det var d\u00e5 Alexander Christiansson lutade sig fram, b\u00f6jde sig ner p\u00e5 kn\u00e4 och lade sin hand \u00f6ver pappans.<\/p>\n<p>\u2013 Jag ville s\u00e4ga \u201djag h\u00f6r dig, jag ser dig och jag lider med dig\u201d.\u00a0<\/p>\n<p>D\u00e5 b\u00f6rjade en av de n\u00e4rvarande och parlamentarikern Ohad Tal att skratta f\u00f6rsiktigt.\u00a0<\/p>\n<p>\u2013 Jag tror att de blev f\u00f6rv\u00e5nade \u00f6ver att jag g\u00f6r detta. Jag kan inte se n\u00e5gon annan f\u00f6rklaring och jag tycker kanske inte att det \u00e4r s\u00e5 d\u00e4r m\u00e4rkligt egentligen, s\u00e4ger Christiansson.<\/p>\n<p>Utan hans vetskap filmades h\u00e4ndelsen. Snart d\u00e4refter rapporterades det i en massa israeliska medier om den svenska parlamentarikern som visade st\u00f6d f\u00f6r familjemedlemmar till terrorattackens offer.<\/p>\n<p>Hot fr\u00e5n NMR<\/p>\n<p>Flera m\u00e5nader senare fick Alexander Christiansson upp ett kort klipp fr\u00e5n m\u00f6tet med israelerna. K\u00e4llan var det h\u00f6gerpopulistiska och fr\u00e4mlingsfientliga partiet Alternativ f\u00f6r Sverige. D\u00e4r framst\u00e4lldes videon som ett bevis p\u00e5 att <a href=\"https:\/\/www.expressen.se\/tagg\/organization\/sverigedemokraterna\/\" class=\"\" rel=\"nofollow noopener\" target=\"_blank\">Sverigedemokraterna<\/a> \u00e4r lojala mot Israel.<\/p>\n<p>Annons<\/p>\n<p>\u201dH\u00e4r g\u00e5r SD ned p\u00e5 kn\u00e4 inf\u00f6r Israel \u2013 underkastelsen fr\u00e5n den svenske riksdagsledamoten blir s\u00e5 pinsam att de judiska bos\u00e4ttarna b\u00f6rjar skratta\u201d, skriver de i ett inl\u00e4gg p\u00e5 Instagram i september 2024.\u00a0<\/p>\n<p>D\u00e4rifr\u00e5n fortsatte videon sprida sig bland nazister, med budskapet om att han bugade f\u00f6r judar.<\/p>\n<p>\u2013 D\u00e5 blev det hot p\u00e5 riktigt. Ganska grovt. D\u00e5 kontaktade jag S\u00e4po, s\u00e4ger Christiansson.<\/p>\n<p>D\u00e4refter klingade uppm\u00e4rksamheten av tillf\u00e4lligt.<\/p>\n<p>\u2013 Sen kom den igen, med mycket, mycket st\u00f6rre kraft. F\u00f6r nu spreds den internationellt.<\/p>\n<p><img loading=\"lazy\"   alt=\"\"\/><\/p>\n<p>Klippet fr\u00e5n n\u00e4r han var p\u00e5 bes\u00f6k i Israel spreds av Alternativ f\u00f6r Sverige.<\/p>\n<p>\u00d6ppna bild i helsk\u00e4rm<img loading=\"lazy\"   alt=\"\"\/><\/p>\n<p>Det plockades \u00e4ven upp av Nordfront&#8230;<\/p>\n<p>\u00d6ppna bild i helsk\u00e4rm<img loading=\"lazy\"   alt=\"\"\/><\/p>\n<p>&#8230;Iran-kontrollerade Press-TV.<\/p>\n<p>\u00d6ppna bild i helsk\u00e4rm<img loading=\"lazy\"   alt=\"\"\/><\/p>\n<p>&#8230;och Hamasn\u00e4ra kanalen Quds news network.<\/p>\n<p>\u00d6ppna bild i helsk\u00e4rm<img loading=\"lazy\"   alt=\"\"\/><\/p>\n<p>Det h\u00e4r klippet p\u00e5 X har 1,7 miljoner visningar.<\/p>\n<p>\u00d6ppna bild i helsk\u00e4rmSpreds av Hamas-kopplade medier<\/p>\n<p>Bland annat har klippet spridits av Iran-kontrollerade Press-TV och Hamasn\u00e4ra kanalen Quds news network. \u00c4ven de med budskapet att den svenska riksdagsledamoten bugar f\u00f6r israeliska bos\u00e4ttare.<\/p>\n<p>Totalt har klippet f\u00e5tt flera miljoner visningar. I ett inl\u00e4gg p\u00e5 X har klippet f\u00e5tt 1,7 miljoner visningar. I kommentarsf\u00e4ltet sprids antisemitiska konspirationsteorier.<\/p>\n<p>\u00a0\u2013 Jag upplever att det kom fr\u00e5n b\u00e5de v\u00e4nster och h\u00f6ger. Man f\u00e5r v\u00e4ldigt mycket skit fr\u00e5n en sida inom v\u00e4nstern som tycker att Israel p\u00e5 riktigt \u00e4r satan. Och s\u00e5 har du den andra, nassarna, som ocks\u00e5 tycker att Israel och judarna \u00e4r satan. De tv\u00e5 samlas i den h\u00e4r ber\u00e4ttelsen p\u00e5 n\u00e5got v\u00e4ldigt konstigt s\u00e4tt. Och det \u00e4r ganska obehagligt.\u00a0<\/p>\n<p>Samtidigt s\u00e4ger Alexander Christiansson att klippet ser pinsamt ut.<\/p>\n<p>\u2013 Det \u00e4r klart att videon \u00e4r cringe, men det kan jag inte g\u00f6ra n\u00e5gonting \u00e5t. Man f\u00e5r ju bara \u00e4ga det och st\u00e5 f\u00f6r det man g\u00f6r.<\/p>\n<p>Samtidigt tycker han att det \u00e4r viktigt att ibland kunna visa k\u00e4nslor som politiker.\u00a0<\/p>\n<p>\u2013 Jag sk\u00e4ms inte f\u00f6r att jag visar empati. Det kommer jag aldrig g\u00f6ra.<\/p>\n<p>Samr\u00f6re med extremister<\/p>\n<p>Vad g\u00e4ller att Alexander Christiansson tr\u00e4ffade h\u00f6gernationalistiska politiker i Israel s\u00e4ger han att han trodde att Ohad Tal tillh\u00f6rde Benjamin Netanyahus parti. Samtidigt s\u00e4ger Christiansson att han tr\u00e4ffade politiker fr\u00e5n hela det politiska spektrumet.<\/p>\n<p>\u2013 Jag upplever inte att jag har kontakt med n\u00e5gon speciell r\u00f6relse i just Israel s\u00e5. Men sen kanske det framst\u00e5r s\u00e5 om han nu tillh\u00f6r ett h\u00f6gerparti.\u00a0<\/p>\n<p>\u2013 Jag tr\u00e4ffade politiker fr\u00e5n alla partier.\u00a0<\/p>\n<p>Han forts\u00e4tter med att understryka att han var p\u00e5 plats f\u00f6r att visa st\u00f6d f\u00f6r offer, inte f\u00f6r att visa st\u00f6d f\u00f6r partiernas politik.\u00a0<\/p>\n<p>\u2013 Jag kan kritisera Israel f\u00f6r saker de g\u00f6r och s\u00e4ger varje dag i veckan. Det \u00e4r jag inte alls r\u00e4dd f\u00f6r att g\u00f6ra.<\/p>\n<p>\u2013 Man kan vara v\u00e4ldigt kritisk till Israel som stat och man kan vara antisemit, det \u00e4r tv\u00e5 olika saker. Men det blandas enkelt ihop.<\/p>\n","protected":false},"excerpt":{"rendered":"SD-ledamoten gick ner p\u00e5 kn\u00e4 efter Hamas massaker den 7 oktober. Nu n\u00e5r klippet miljoner \u2013 spritt av&hellip;\n","protected":false},"author":2,"featured_media":171107,"comment_status":"","ping_status":"","sticky":false,"template":"","format":"standard","meta":{"footnotes":"","_share_on_mastodon":"0"},"categories":[12],"tags":[22,23,26,27,17,21,24,25,58,28,29,15,16,1806,38,18,34,154,31,33,32,30,19,781,20],"class_list":["post-171106","post","type-post","status-publish","format-standard","has-post-thumbnail","category-sverige","tag-breaking-news","tag-breakingnews","tag-featured-news","tag-featurednews","tag-headlines","tag-huvudnyheter","tag-latest-news","tag-latestnews","tag-location-israel","tag-main-news","tag-mainnews","tag-news","tag-nyheter","tag-organization-hamas","tag-organization-sverigedemokraterna","tag-rubriker","tag-se","tag-sections-sverige","tag-svenska","tag-sverige","tag-sweden","tag-swedish","tag-top-stories","tag-topic-utrikespolitik","tag-topstories"],"share_on_mastodon":{"url":"https:\/\/pubeurope.com\/@se\/116104841406127123","error":""},"_links":{"self":[{"href":"https:\/\/www.europesays.com\/se\/wp-json\/wp\/v2\/posts\/171106","targetHints":{"allow":["GET"]}}],"collection":[{"href":"https:\/\/www.europesays.com\/se\/wp-json\/wp\/v2\/posts"}],"about":[{"href":"https:\/\/www.europesays.com\/se\/wp-json\/wp\/v2\/types\/post"}],"author":[{"embeddable":true,"href":"https:\/\/www.europesays.com\/se\/wp-json\/wp\/v2\/users\/2"}],"replies":[{"embeddable":true,"href":"https:\/\/www.europesays.com\/se\/wp-json\/wp\/v2\/comments?post=171106"}],"version-history":[{"count":0,"href":"https:\/\/www.europesays.com\/se\/wp-json\/wp\/v2\/posts\/171106\/revisions"}],"wp:featuredmedia":[{"embeddable":true,"href":"https:\/\/www.europesays.com\/se\/wp-json\/wp\/v2\/media\/171107"}],"wp:attachment":[{"href":"https:\/\/www.europesays.com\/se\/wp-json\/wp\/v2\/media?parent=171106"}],"wp:term":[{"taxonomy":"category","embeddable":true,"href":"https:\/\/www.europesays.com\/se\/wp-json\/wp\/v2\/categories?post=171106"},{"taxonomy":"post_tag","embeddable":true,"href":"https:\/\/www.europesays.com\/se\/wp-json\/wp\/v2\/tags?post=171106"}],"curies":[{"name":"wp","href":"https:\/\/api.w.org\/{rel}","templated":true}]}}