{"id":17127,"date":"2025-08-30T01:17:11","date_gmt":"2025-08-30T01:17:11","guid":{"rendered":"https:\/\/www.europesays.com\/se\/17127\/"},"modified":"2025-08-30T01:17:11","modified_gmt":"2025-08-30T01:17:11","slug":"blodiga-bilder-pa-cederqvist-i-chl-ruggig-femma-avstangning","status":"publish","type":"post","link":"https:\/\/www.europesays.com\/se\/17127\/","title":{"rendered":"Blodiga bilder p\u00e5 Cederqvist i CHL: &#8221;Ruggig femma &#8211; avst\u00e4ngning&#8221;"},"content":{"rendered":"<p><strong><a href=\"https:\/\/hockeysverige.se\/klubb\/frolunda-hc\/\" rel=\"nofollow noopener\" target=\"_blank\">Fr\u00f6lunda<\/a> premi\u00e4rvann i <a href=\"https:\/\/hockeysverige.se\/champions-hockey-league\/\" rel=\"nofollow noopener\" target=\"_blank\">CHL<\/a> med 3\u20130 mot Bolzano, men f\u00f6r <a href=\"https:\/\/hockeysverige.se\/spelare\/filip-cederqvist\/\" rel=\"nofollow noopener\" target=\"_blank\">Filip Cederqvist<\/a> fick m\u00f6tet ett mindre v\u00e4lkommet slut. <br \/>\u2013\u00a0Var det en tand som fl\u00f6g ut d\u00e4r? Det \u00e4r inte s\u00e5 l\u00e4tt att hitta p\u00e5 isen, s\u00e4ger Viaplays kommentator Magnus Dahlborn i <a href=\"https:\/\/viaplay.se\/sport\/ishockey\/champions-hockey-league\/frolunda-bolzano\/s25082166013548422\" rel=\"nofollow noopener\" target=\"_blank\">s\u00e4ndningen. <\/a><\/strong><\/p>\n<p><img loading=\"lazy\" decoding=\"async\" width=\"1024\" height=\"658\" src=\"https:\/\/www.europesays.com\/se\/wp-content\/uploads\/2025\/08\/Cederqvist-1024x658.webp.webp\" alt=\"\" class=\"wp-image-300339\"  \/>Filip Cederqvist kliver av med blodet rinnandes. <strong>Foto:<\/strong> Bildbyr\u00e5n\/Michael Erichsen och Viaplay (sk\u00e4rmdump).<\/p>\n<p>Se matchens h\u00f6jdpunkter i videospelaren ovan.<\/p>\n<p>Robert Ohlssons f\u00f6rsta t\u00e4vlingsmatch som tr\u00e4nare f\u00f6r Fr\u00f6lunda slutade i en 3\u20130-seger mot italienska Bolzano. <\/p>\n<p>Fredagsm\u00f6tet i Champions Hockey League inleddes med 1\u20130 fr\u00e5n <a href=\"https:\/\/hockeysverige.se\/spelare\/max-lindholm\" rel=\"nofollow noopener\" target=\"_blank\">Max Lindholm<\/a> redan i den femte minuten och d\u00e4rifr\u00e5n kunde G\u00f6teborgslaget h\u00e5lla ifr\u00e5n. Jacob Peterson fyllde p\u00e5 till 2\u20130 i andra akten och Henrik T\u00f6mmernes st\u00e4nkte butiken med sista i tom bur. Men \u00e4nd\u00e5 blev det till slut en grinig tillst\u00e4llning. <\/p>\n<p>Efter en tidigare roughing-situation sent i tredje perioden d\u00e4r Bolzanos svensk Philip Samuelsson \u00e5kt ut, hamnade n\u00e4mligen Filip Cederqvist liggandes p\u00e5 isen med blodet rinnandes. Bolzano hade haft ett skottl\u00e4ge i offensiv zon, som Max Friberg kastat sig framf\u00f6r, och Cederqvist fick pl\u00f6tsligt en klubba rakt upp i ansiktet n\u00e4r han gav sig efter pucken.<\/p>\n<p>Fr\u00f6lunda-spelarna kastade sig p\u00e5 Luca Frigo, som st\u00e5tt f\u00f6r slaget, och hans lagkamrater, medan Cederqvist var kvar p\u00e5 alla fyra f\u00f6r att leta efter sin tand.<\/p>\n<p>\u2013 Det \u00e4r Friberg som r\u00e4ddar den d\u00e4r och sen \u00e4r det Frigo som har ansvar f\u00f6r sin klubba, givetvis, s\u00e4ger Viaplays kommentator Magnus Dahlborn i s\u00e4ndningen och forts\u00e4tter om Bolzanos frustration.<br \/>\u2013\u00a0Vad menar han, att han (Cederqvist) filmar h\u00e4r n\u00e4r han viftar upp med klubban i ansiktet. Det \u00e4r v\u00e4l att ta i lite grann av italienaren? Den f\u00f6rlorade tanden och blodvitet \u00e4r det b\u00e4sta beviset p\u00e5 att det var en ganska elakartad klubba upp i ansiktet p\u00e5 honom. <\/p>\n<p>Lindholm: \u201dRuggig femma, avst\u00e4ngning\u201d<\/p>\n<p>Filip Cederqvist tog sig till slut upp p\u00e5 benen och \u00e5kte ut mot b\u00e5set. 25-\u00e5ringen visade d\u00e5 upp att han f\u00e5tt tag p\u00e5 sin tand, samtidigt som blodet rann ner f\u00f6r hakan. <\/p>\n<p>\u2013 Ruggig femma, avst\u00e4ngning, h\u00f6rdes sedan klart och tydligt fr\u00e5n lagkamraten Max Lindholm, medan Cederqvist filmades n\u00e4r han gick ut i omkl\u00e4dningsrummet. <\/p>\n<p>Det var efter detta som T\u00f6mmernes sedan st\u00e4ngde det hela med 3\u20130 i tom bur i Fr\u00f6lundaborg. <\/p>\n<p><strong>Fr\u00f6lunda \u2013 Bolzano: 3\u20130<\/strong> (1\u20130, 1\u20130, 1\u20130)<br \/><strong>Fr\u00f6lunda: <\/strong>Max Lindholm, Jacob Peterson, Henrik T\u00f6mmernes.<strong><br \/>Bolzano:<\/strong> \u2013 <\/p>\n","protected":false},"excerpt":{"rendered":"Fr\u00f6lunda premi\u00e4rvann i CHL med 3\u20130 mot Bolzano, men f\u00f6r Filip Cederqvist fick m\u00f6tet ett mindre v\u00e4lkommet slut.&hellip;\n","protected":false},"author":2,"featured_media":17128,"comment_status":"","ping_status":"","sticky":false,"template":"","format":"standard","meta":{"footnotes":""},"categories":[5],"tags":[22,23,26,27,17,21,24,25,28,29,15,16,18,34,134,31,33,32,30,19,379,20],"class_list":{"0":"post-17127","1":"post","2":"type-post","3":"status-publish","4":"format-standard","5":"has-post-thumbnail","7":"category-rubriker","8":"tag-breaking-news","9":"tag-breakingnews","10":"tag-featured-news","11":"tag-featurednews","12":"tag-headlines","13":"tag-huvudnyheter","14":"tag-latest-news","15":"tag-latestnews","16":"tag-main-news","17":"tag-mainnews","18":"tag-news","19":"tag-nyheter","20":"tag-rubriker","21":"tag-se","22":"tag-shl","23":"tag-svenska","24":"tag-sverige","25":"tag-sweden","26":"tag-swedish","27":"tag-top-stories","28":"tag-top-article","29":"tag-topstories"},"share_on_mastodon":{"url":"","error":""},"_links":{"self":[{"href":"https:\/\/www.europesays.com\/se\/wp-json\/wp\/v2\/posts\/17127","targetHints":{"allow":["GET"]}}],"collection":[{"href":"https:\/\/www.europesays.com\/se\/wp-json\/wp\/v2\/posts"}],"about":[{"href":"https:\/\/www.europesays.com\/se\/wp-json\/wp\/v2\/types\/post"}],"author":[{"embeddable":true,"href":"https:\/\/www.europesays.com\/se\/wp-json\/wp\/v2\/users\/2"}],"replies":[{"embeddable":true,"href":"https:\/\/www.europesays.com\/se\/wp-json\/wp\/v2\/comments?post=17127"}],"version-history":[{"count":0,"href":"https:\/\/www.europesays.com\/se\/wp-json\/wp\/v2\/posts\/17127\/revisions"}],"wp:featuredmedia":[{"embeddable":true,"href":"https:\/\/www.europesays.com\/se\/wp-json\/wp\/v2\/media\/17128"}],"wp:attachment":[{"href":"https:\/\/www.europesays.com\/se\/wp-json\/wp\/v2\/media?parent=17127"}],"wp:term":[{"taxonomy":"category","embeddable":true,"href":"https:\/\/www.europesays.com\/se\/wp-json\/wp\/v2\/categories?post=17127"},{"taxonomy":"post_tag","embeddable":true,"href":"https:\/\/www.europesays.com\/se\/wp-json\/wp\/v2\/tags?post=17127"}],"curies":[{"name":"wp","href":"https:\/\/api.w.org\/{rel}","templated":true}]}}