{"id":17206,"date":"2025-08-30T05:23:12","date_gmt":"2025-08-30T05:23:12","guid":{"rendered":"https:\/\/www.europesays.com\/se\/17206\/"},"modified":"2025-08-30T05:23:12","modified_gmt":"2025-08-30T05:23:12","slug":"steve-witkoff-ska-losa-trumps-fred-i-ukraina-totalsagas","status":"publish","type":"post","link":"https:\/\/www.europesays.com\/se\/17206\/","title":{"rendered":"Steve Witkoff ska l\u00f6sa Trumps fred i Ukraina \u2013 totals\u00e5gas"},"content":{"rendered":"<p>Steve Witkoff ska l\u00f6sa Trumps utlovade fred.<\/p>\n<p>Men b\u00e5de europ\u00e9er och amerikaner beskriver en man som \u00e4r ober\u00e4knelig, amat\u00f6rm\u00e4ssig och v\u00e4ldigt sv\u00e5r att jobba med, skriver <a href=\"https:\/\/www.politico.com\/news\/2025\/08\/29\/steve-witkoff-russia-ukraine-00533390?utm_campaign=RSS_Syndication&amp;utm_medium=RSS&amp;utm_source=RSS_Feed\" rel=\"nofollow noopener\" target=\"_blank\">Politico<\/a>\u00a0<\/p>\n<p>\u2013 Han pratar med massa m\u00e4nniskor men ingen vet vad han s\u00e4ger, s\u00e4ger en person med insyn.<\/p>\n<p>Nyheter, intervjuer, reportage och analyser om Rysslands invasionskrig i Ukraina.<img   alt=\"\"\/><\/p>\n<p>Steve Witkoff f\u00e5r inte bra omd\u00f6men n\u00e4r det kommer till f\u00f6rs\u00f6ken att f\u00e5 till en fred i Ukraina.<\/p>\n<p>Foto: STELLA PICTURES\/ABACA<\/p>\n<p>\u00d6ppna bild i helsk\u00e4rm<img loading=\"lazy\"   alt=\"\"\/><\/p>\n<p>President Putin har tr\u00e4ffat Witkoff flera g\u00e5nger.<\/p>\n<p>Foto: APAIMAGES \/ POLARIS \/ APAIMAGES \/ POLARIS POLARIS IMAGES<\/p>\n<p>\u00d6ppna bild i helsk\u00e4rm<img loading=\"lazy\"   alt=\"\"\/><\/p>\n<p>Trump och Witkoff i januari 2024.<\/p>\n<p>Foto: EVAN VUCCI \/ AP TT NYHETSBYR\u00c5N<\/p>\n<p>\u00d6ppna bild i helsk\u00e4rm<img loading=\"lazy\"   alt=\"\"\/><\/p>\n<p>Donald Trump.<\/p>\n<p>Foto: AARON SCHWARTZ &#8211; POOL VIA CNP \/ STELLA PICTURES \/ ZUMA PRESS<\/p>\n<p>\u00d6ppna bild i helsk\u00e4rm<img loading=\"lazy\"   alt=\"\"\/>\u00d6ppna bild i helsk\u00e4rm<\/p>\n<p><a href=\"https:\/\/www.expressen.se\/tagg\/person\/steve-witkoff\/\" class=\"\" rel=\"nofollow noopener\" target=\"_blank\">Steve Witkoff<\/a> \u00e4r mannen som tr\u00e4ffat Putin fem g\u00e5nger p\u00e5 sex m\u00e5nader och ska vara nyckeln i Donald Trumps fred i Ukraina.<\/p>\n<p>S\u00e4ndebudet som gjort tidigare karri\u00e4r i fastighetsbranschen tillsammans med Trump har inte n\u00e5gon egentlig erfarenhet av diplomati, Ryssland eller komplexa f\u00f6rhandlingar.\u00a0<\/p>\n<p>Han har dykt upp till m\u00f6ten med Putin utan protokollf\u00f6rare eller egen tolk och <a href=\"https:\/\/www.expressen.se\/kronikorer\/mats-larsson\/trumps-sandebud--ar-en-farlig-parodi\/\" rel=\"nofollow noopener\" target=\"_blank\">levererat flera missf\u00f6rst\u00e5nd hem till USA.<\/a><\/p>\n<p><img loading=\"lazy\"   alt=\"\"\/><\/p>\n<p>Steve Witkoff och Vladimir Putin under ett av sina m\u00f6ten.<\/p>\n<p>Foto: Kristina Kormilitsyna \/ AP TT NYHETSBYR\u00c5N<\/p>\n<p>\u00d6ppna bild i helsk\u00e4rm<\/p>\n<p>Missarna och den egna stilen har lett till ett starkt missn\u00f6je, rapporterar Politico med h\u00e4nvisning till en rad k\u00e4llor i b\u00e5da USA, Ukraina och EU.<\/p>\n<p>\u2013 Han \u00e4r ober\u00e4knelig. Han pratar med massa m\u00e4nniskor men ingen vet vad han s\u00e4ger p\u00e5 de h\u00e4r m\u00f6tena. Han s\u00e4ger saker offentligt men sen \u00e4ndrar han sig. Det \u00e4r sv\u00e5rt att jobba med, s\u00e4ger en amerikansk tj\u00e4nsteman till tidningen.<\/p>\n<p>Ryssarnas skepsis: F\u00f6rst\u00e5r inte<\/p>\n<p>Enligt uppgiftsl\u00e4mnarna har Witkoff omg\u00e4rdat sig med en v\u00e4ldigt liten stab \u2013 i princip helt utan n\u00e5gra relevanta experter.<\/p>\n<p>Europ\u00e9er beskriver exempelvis hur det varit sv\u00e5rt att f\u00e5 Witkoff att f\u00f6rst\u00e5 hur strategiskt viktigt Donbas-regionen \u00e4r f\u00f6r Ukraina och att den \u00e4r om\u00f6jlig att ge upp i n\u00e5gon f\u00f6rhandling. Till slut fick de anv\u00e4nda Florida som ett exempel f\u00f6r att f\u00f6rs\u00f6ka f\u00e5 s\u00e4ndebudet att f\u00f6rst\u00e5.<\/p>\n<p>\u00c4ven bland ryssarna finns en frustration med hur Witkoff arbetar, menar en amerikansk tj\u00e4nsteman Politico pratat med. De uppskattar att Trump skickar en person som st\u00e5r honom n\u00e4ra \u2013 men ifr\u00e5gas\u00e4tter om Witkoff verkligen f\u00f6rst\u00e5r vad Putin faktiskt menar, enligt amerikanen.<\/p>\n<p>En annan amerikansk person n\u00e4ra diplomatin s\u00e4ger att ett stort problem \u00e4r att Witkoff inte \u00e4r engagerad hela tiden.<\/p>\n<p>\u2013 Han dyker upp och tr\u00e4ffar Putin, s\u00e4ger massa saker, ber\u00e4ttar inte vad som faktiskt h\u00e4nt och sen f\u00f6rsvinner han igen. Samtidigt s\u00e4ger ryssarna \u201dWitkoff s\u00e4ger&#8230;\u201d och man vet inte om det st\u00e4mmer eller inte, s\u00e4ger tj\u00e4nstemannen till Politico.<\/p>\n<p>Hyllningen fr\u00e5n Vance<\/p>\n<p>N\u00e5gra personer tidningen pratat med hyllar dock Witkoffs annorlunda stil och menar att det \u2013 likt hur Trump \u00e4r \u2013 f\u00e5r saker att h\u00e4nda.<\/p>\n<p>\u2013 Witkoff har f\u00e5tt mer att h\u00e4nda f\u00f6r att f\u00e5 slut p\u00e5 blodbadet i Ukraina \u00e4n alla hans kritiker gemensamt, s\u00e4ger vicepresidenten JD Vance.<\/p>\n<p>Flera av Witkoffs kritiker som Politico pratat med s\u00e4ger att de samtidigt \u00e4r glada att de senaste veckornas intensiva diplomati f\u00e5tt i g\u00e5ng en seri\u00f6s diskussion om s\u00e4kerhetsgarantier f\u00f6r Ukraina.<\/p>\n<p>Flera ukrainska toppar s\u00e4ger att de hoppas Witkoff kommer f\u00f6rst\u00e5 att det \u00e4r Putin som f\u00f6rhalar en tr\u00e4ff med Zelenskyj.<\/p>\n<p>\u2013 V\u00e5rt huvudfokus \u00e4r att betona att Ukraina \u00e4r redo att tr\u00e4ffas p\u00e5 presidentniv\u00e5, s\u00e4ger en ukrainsk tj\u00e4nsteman.<\/p>\n","protected":false},"excerpt":{"rendered":"Steve Witkoff ska l\u00f6sa Trumps utlovade fred. Men b\u00e5de europ\u00e9er och amerikaner beskriver en man som \u00e4r ober\u00e4knelig,&hellip;\n","protected":false},"author":2,"featured_media":17207,"comment_status":"","ping_status":"","sticky":false,"template":"","format":"standard","meta":{"footnotes":""},"categories":[14],"tags":[22,23,26,27,17,21,24,25,28,29,15,276,16,198,335,18,34,55,31,33,32,30,19,60,781,20,51,52,53,54],"class_list":{"0":"post-17206","1":"post","2":"type-post","3":"status-publish","4":"format-standard","5":"has-post-thumbnail","7":"category-varlden","8":"tag-breaking-news","9":"tag-breakingnews","10":"tag-featured-news","11":"tag-featurednews","12":"tag-headlines","13":"tag-huvudnyheter","14":"tag-latest-news","15":"tag-latestnews","16":"tag-main-news","17":"tag-mainnews","18":"tag-news","19":"tag-newsstory-kriget-i-ukraina","20":"tag-nyheter","21":"tag-person-donald-trump","22":"tag-person-steve-witkoff","23":"tag-rubriker","24":"tag-se","25":"tag-sections-varlden","26":"tag-svenska","27":"tag-sverige","28":"tag-sweden","29":"tag-swedish","30":"tag-top-stories","31":"tag-topic-krig-konflikt","32":"tag-topic-utrikespolitik","33":"tag-topstories","34":"tag-varlden","35":"tag-world","36":"tag-world-news","37":"tag-worldnews"},"share_on_mastodon":{"url":"","error":""},"_links":{"self":[{"href":"https:\/\/www.europesays.com\/se\/wp-json\/wp\/v2\/posts\/17206","targetHints":{"allow":["GET"]}}],"collection":[{"href":"https:\/\/www.europesays.com\/se\/wp-json\/wp\/v2\/posts"}],"about":[{"href":"https:\/\/www.europesays.com\/se\/wp-json\/wp\/v2\/types\/post"}],"author":[{"embeddable":true,"href":"https:\/\/www.europesays.com\/se\/wp-json\/wp\/v2\/users\/2"}],"replies":[{"embeddable":true,"href":"https:\/\/www.europesays.com\/se\/wp-json\/wp\/v2\/comments?post=17206"}],"version-history":[{"count":0,"href":"https:\/\/www.europesays.com\/se\/wp-json\/wp\/v2\/posts\/17206\/revisions"}],"wp:featuredmedia":[{"embeddable":true,"href":"https:\/\/www.europesays.com\/se\/wp-json\/wp\/v2\/media\/17207"}],"wp:attachment":[{"href":"https:\/\/www.europesays.com\/se\/wp-json\/wp\/v2\/media?parent=17206"}],"wp:term":[{"taxonomy":"category","embeddable":true,"href":"https:\/\/www.europesays.com\/se\/wp-json\/wp\/v2\/categories?post=17206"},{"taxonomy":"post_tag","embeddable":true,"href":"https:\/\/www.europesays.com\/se\/wp-json\/wp\/v2\/tags?post=17206"}],"curies":[{"name":"wp","href":"https:\/\/api.w.org\/{rel}","templated":true}]}}