{"id":17270,"date":"2025-08-30T07:19:08","date_gmt":"2025-08-30T07:19:08","guid":{"rendered":"https:\/\/www.europesays.com\/se\/17270\/"},"modified":"2025-08-30T07:19:08","modified_gmt":"2025-08-30T07:19:08","slug":"ledare-fran-nordkorea-ryssland-och-iran-deltar-vid-militarparad-i-kina","status":"publish","type":"post","link":"https:\/\/www.europesays.com\/se\/17270\/","title":{"rendered":"Ledare fr\u00e5n Nordkorea, Ryssland och Iran deltar vid milit\u00e4rparad i Kina"},"content":{"rendered":"<p>Just innan helgen sl\u00e4ppte Kina g\u00e4stlistan f\u00f6r den milit\u00e4rparad som ska h\u00e5llas i Peking p\u00e5 onsdag f\u00f6r att fira 80-\u00e5rsdagen av Japans kapitulation i andra v\u00e4rldskriget. <\/p>\n<p>Vid sidan av den internationellt efterlysta krigsf\u00f6rbrytaren Vladimir Putin s\u00e5 ska bland annat \u00e4ven Nordkoreas diktator Kim Jong Un, Irans president Masoud Pezeshkian och Myanmars juntaledare Min Aung Hlaing n\u00e4rvara.<\/p>\n<p>Att Putin deltar \u00e4r i sig inte \u00f6verraskande. Kina och Ryssland har p\u00e5 senare \u00e5r koordinerat sina historiska narrativ allt n\u00e4rmare, och \u00e4ven i praktiken \u00f6kat samarbetet f\u00f6r att f\u00f6r\u00e4ndra den r\u00e5dande v\u00e4rldsordningen genom sina platser i FN:s s\u00e4kerhetsr\u00e5d och andra internationella sammanhang.<\/p>\n<p>Kina \u00e4r inte medlem i den internationella brottm\u00e5lsdomstol i Haag som efterlyser Putin. Den ryska ledaren har d\u00e4rf\u00f6r utan problem kunnat bes\u00f6ka Kina sedan efterlysningen utf\u00e4rdades 2023, och dessutom n\u00e4rvarade Xi Jinping vid milit\u00e4rparaden i Moskva f\u00f6r att fira andra v\u00e4rldskrigets slut i Europa, vilket vi pratade n\u00e4rmare om i Kinamedias podd i v\u00e5ras:<\/p>\n<p>Desto mer \u00f6verraskande \u00e4r att Kim Jong Un ska n\u00e4rvara. Enligt Reuters blir detta det st\u00f6rsta diplomatiska evenemang som Nordkoreas diktator n\u00e5gonsin \u00e4r en del av.<\/p>\n<p>En intervjuad sydkoreansk analytiker p\u00e5pekar hur ovanligt det \u00e4r att Kim n\u00e4rvarar vid segerparader. Det blir f\u00f6rsta g\u00e5ngen som han tr\u00e4ffar s\u00e5 m\u00e5nga utl\u00e4ndska ledare vid samma tillf\u00e4lle, med m\u00f6jligheten att st\u00e4rka sin globala status som ledare och s\u00f6ka samarbete med andra deltagare.<\/p>\n<p>N\u00e4sta veckas segerparad blir vidare f\u00f6rsta g\u00e5ngen n\u00e5gonsin som ledarna f\u00f6r Kina, Ryssland, Iran och Nordkorea befinner sig p\u00e5 samma st\u00e4lle:<\/p>\n<blockquote class=\"twitter-tweet\">\n<p lang=\"en\" dir=\"ltr\">The September 3 military parade will mark the first time the heads of state of China, Russia, Iran and North Korea gather in one place. <a href=\"https:\/\/t.co\/Sf2IiqAll4\" rel=\"nofollow\">https:\/\/t.co\/Sf2IiqAll4<\/a><\/p>\n<p>\u2014 Newsweek (@Newsweek) <a href=\"https:\/\/twitter.com\/Newsweek\/status\/1961394496425316391?ref_src=twsrc%5Etfw\" rel=\"nofollow noopener\" target=\"_blank\">August 29, 2025<\/a><\/p>\n<\/blockquote>\n<p>Detta beskrivs av <a href=\"https:\/\/www.newsweek.com\/map-china-gathering-crink-axis-leaders-russia-iran-north-korea-military-parade-2121335\" rel=\"nofollow noopener\" target=\"_blank\">Newsweek<\/a> som en diplomatisk milstolpe f\u00f6r Kina, d\u00e5 de fyra l\u00e4nderna vars samarbete framh\u00e5llits som en front mot den liberala v\u00e4rldsordningen nu deltar vid samma evenemang, med all koordinering detta inneb\u00e4r s\u00e5v\u00e4l ut\u00e5t som bakom st\u00e4ngda d\u00f6rrar.<\/p>\n<p>Reuters noterar vidare hur inbjudningen av dessa ledare till Peking utg\u00f6r en form av solidaritetsgest med udden riktad mot v\u00e4st:<\/p>\n<blockquote>\n<p>Chinese President Xi Jinping will be flanked by leaders of some of the world\u2019s most heavily sanctioned nations \u2013 Russia, North Korea, Iran and Myanmar \u2013 at a military parade next week in Beijing, in a show of solidarity against the West.<\/p>\n<p>(\u2026)<\/p>\n<p>A loose coalition of states bent on reshaping the Western-led global order, the \u201dAxis of Upheaval\u201d has sought to undermine U.S. interests, whether over Taiwan or by blocking shipping lanes, and sought to undermine Western sanctions by providing economic lifelines to each other, the analysts say.<\/p>\n<\/blockquote>\n<p>Kinas utrikesministerium <a href=\"https:\/\/www.globaltimes.cn\/page\/202508\/1341922.shtml\" rel=\"nofollow noopener\" target=\"_blank\">framh\u00e5ller<\/a> g\u00e4stlistan som ett bevis p\u00e5 att den s\u00e5 kallade globala s\u00f6dern inte l\u00e4ngre \u00e4r en \u201dtyst majoritet\u201d eller ett \u201dstort efterblivet politiskt block\u201d, utan en ny styrka som str\u00e4var efter f\u00f6r\u00e4ndringar som inte har setts p\u00e5 ett \u00e5rhundrade.<\/p>\n<p>Bland de <a href=\"http:\/\/eng.chinamil.com.cn\/2025xb\/H_251454\/L_251456\/16405491.html\" rel=\"nofollow noopener\" target=\"_blank\">26 statschefer<\/a> som n\u00e4rvarar vid n\u00e4sta veckas milit\u00e4rparad i Peking finns tv\u00e5 fr\u00e5n Europa: Slovakiens premi\u00e4rminister Robert Fico och Serbiens president Aleksandar Vucic.<\/p>\n<p>Det \u00e4r \u00e4ven v\u00e4rt att notera hur FN:s generalsekreterare landade i Kina i dag f\u00f6r att <a href=\"https:\/\/www.reuters.com\/world\/china\/chinas-xi-host-putin-uns-guterres-regional-summit-2025-08-22\/\" rel=\"nofollow noopener\" target=\"_blank\">n\u00e4rvara<\/a> vid den regionala s\u00e4kerhetsorganisationen Shanghai Cooperation Organisations st\u00f6rsta m\u00f6te n\u00e5gonsin, och tillika \u00e4nnu en diplomatisk triumf f\u00f6r Peking.<\/p>\n<p>    <script async src=\"https:\/\/platform.twitter.com\/widgets.js\" charset=\"utf-8\"><\/script><\/p>\n","protected":false},"excerpt":{"rendered":"Just innan helgen sl\u00e4ppte Kina g\u00e4stlistan f\u00f6r den milit\u00e4rparad som ska h\u00e5llas i Peking p\u00e5 onsdag f\u00f6r att&hellip;\n","protected":false},"author":2,"featured_media":17271,"comment_status":"","ping_status":"","sticky":false,"template":"","format":"standard","meta":{"footnotes":""},"categories":[14],"tags":[2201,22,23,26,27,17,21,549,24,25,28,29,2202,15,2203,16,2204,2205,18,264,34,2206,31,33,32,30,19,20,51,52,53,54],"class_list":{"0":"post-17270","1":"post","2":"type-post","3":"status-publish","4":"format-standard","5":"has-post-thumbnail","7":"category-varlden","8":"tag-andra-varldskriget","9":"tag-breaking-news","10":"tag-breakingnews","11":"tag-featured-news","12":"tag-featurednews","13":"tag-headlines","14":"tag-huvudnyheter","15":"tag-kina","16":"tag-latest-news","17":"tag-latestnews","18":"tag-main-news","19":"tag-mainnews","20":"tag-militarparad","21":"tag-news","22":"tag-nordkorea","23":"tag-nyheter","24":"tag-peking","25":"tag-putin","26":"tag-rubriker","27":"tag-ryssland","28":"tag-se","29":"tag-segerparad","30":"tag-svenska","31":"tag-sverige","32":"tag-sweden","33":"tag-swedish","34":"tag-top-stories","35":"tag-topstories","36":"tag-varlden","37":"tag-world","38":"tag-world-news","39":"tag-worldnews"},"share_on_mastodon":{"url":"","error":""},"_links":{"self":[{"href":"https:\/\/www.europesays.com\/se\/wp-json\/wp\/v2\/posts\/17270","targetHints":{"allow":["GET"]}}],"collection":[{"href":"https:\/\/www.europesays.com\/se\/wp-json\/wp\/v2\/posts"}],"about":[{"href":"https:\/\/www.europesays.com\/se\/wp-json\/wp\/v2\/types\/post"}],"author":[{"embeddable":true,"href":"https:\/\/www.europesays.com\/se\/wp-json\/wp\/v2\/users\/2"}],"replies":[{"embeddable":true,"href":"https:\/\/www.europesays.com\/se\/wp-json\/wp\/v2\/comments?post=17270"}],"version-history":[{"count":0,"href":"https:\/\/www.europesays.com\/se\/wp-json\/wp\/v2\/posts\/17270\/revisions"}],"wp:featuredmedia":[{"embeddable":true,"href":"https:\/\/www.europesays.com\/se\/wp-json\/wp\/v2\/media\/17271"}],"wp:attachment":[{"href":"https:\/\/www.europesays.com\/se\/wp-json\/wp\/v2\/media?parent=17270"}],"wp:term":[{"taxonomy":"category","embeddable":true,"href":"https:\/\/www.europesays.com\/se\/wp-json\/wp\/v2\/categories?post=17270"},{"taxonomy":"post_tag","embeddable":true,"href":"https:\/\/www.europesays.com\/se\/wp-json\/wp\/v2\/tags?post=17270"}],"curies":[{"name":"wp","href":"https:\/\/api.w.org\/{rel}","templated":true}]}}