{"id":17295,"date":"2025-08-30T08:09:15","date_gmt":"2025-08-30T08:09:15","guid":{"rendered":"https:\/\/www.europesays.com\/se\/17295\/"},"modified":"2025-08-30T08:09:15","modified_gmt":"2025-08-30T08:09:15","slug":"melwin-lycke-holm-kan-byta-namn-alltid-varit-snack-friidrott","status":"publish","type":"post","link":"https:\/\/www.europesays.com\/se\/17295\/","title":{"rendered":"Melwin Lycke Holm kan byta namn: \u201dAlltid varit snack\u201d | Friidrott"},"content":{"rendered":"<p>Publicerad 30 aug 2025 kl 07.43Uppdaterad kl 07.56<\/p>\n<p>Succ\u00e9n p\u00e5 U23-EM blev en l\u00e4ttnad f\u00f6r Melwin Lycke Holm.\u00a0<\/p>\n<p>H\u00f6jdhoppstalangen har i flera \u00e5r k\u00e4nt en s\u00e5 stor press att han funderat p\u00e5 att byta namn.<\/p>\n<p>\u2013 Vi f\u00e5r v\u00e4l se i framtiden, men just nu k\u00e4nns \u00e4nd\u00e5 Lycke Holm som mitt efternamn.\u00a0<\/p>\n<p><img   alt=\"\"\/> <\/p>\n<p>Foto: JOEL MARKLUND \/ BILDBYR\u00c5N<\/p>\n<p>\u00d6ppna bild i helsk\u00e4rm<\/p>\n<p>Som barn slog <a href=\"https:\/\/www.expressen.se\/tagg\/person\/melwin-lycke-holm\/\" class=\"\" rel=\"nofollow noopener\" target=\"_blank\">Melwin Lycke Holm<\/a> flera inofficiella v\u00e4rldsrekord f\u00f6r sin \u00e5ldersgrupp. Lycke Holm, nu 20, sp\u00e5ddes l\u00e4nge en lysande framtid inom h\u00f6jdhoppet, men p\u00e5 senare \u00e5r har karri\u00e4ren g\u00e5tt i st\u00e5.\u00a0<\/p>\n<p>Den tidigare rasande utvecklingen stannade upp, n\u00e5got som varit tungt f\u00f6r Lycke Holm.\u00a0<\/p>\n<p>\u2013 Jag b\u00f6rjade med h\u00f6jdhopp f\u00f6r att jag ville bli b\u00e4st, men det har mer eller mindre bara g\u00e5tt utf\u00f6r sen jag var 15 \u00e5r. S\u00e5 det \u00e4r klart att det blivit mycket tr\u00e5kigare att h\u00e5lla p\u00e5 med h\u00f6jdhopp och v\u00e4ldigt mycket tr\u00e5kigare att g\u00e5 till tr\u00e4ningen, sa han i en intervju med <a href=\"https:\/\/www.expressen.se\/sport\/friidrott\/melwin-funderade-pa-att-lagga-av-\/\" rel=\"nofollow noopener\" target=\"_blank\">Expressen<\/a> tidigare i v\u00e5ras.\u00a0<\/p>\n<p>Melwin Lycke Holm om pressen \u2013 funderade p\u00e5 att byta namn<\/p>\n<p>I somras kom dock en v\u00e4ndning f\u00f6r Lycke Holm. P\u00e5 U23-EM i norska Bergen slog han till med ett hopp p\u00e5 2.24, ett nytt personb\u00e4sta med fyra centimeter och ett brons i t\u00e4vlingen.\u00a0<\/p>\n<p>Framg\u00e5ngen blev en l\u00e4ttnad f\u00f6r den unge hopparen som i en intervju med <a href=\"https:\/\/www.sverigesradio.se\/artikel\/efter-succe-har-kant-stor-press-en-annu-storre-talang-an-pappa\" rel=\"nofollow noopener\" target=\"_blank\">Radiosporten<\/a> sa att han v\u00e4ntat p\u00e5 den h\u00e4r stunden \u201di en fj\u00e4rdedel av sitt liv\u201d.\u00a0<\/p>\n<p>I samma intervju ber\u00e4ttar Lycke Holm att pressen han k\u00e4nt, mycket p\u00e5 grund av att han \u00e4r son till h\u00f6jdhoppslegendaren Stefan Holm, lett till att han i stunder funderat p\u00e5 att byta namn.\u00a0<\/p>\n<p>\u2013 Det har alltid varit mycket snack att jag ska ta \u00f6ver efter pappa. Det har p\u00e5verkat mycket. Ett par g\u00e5nger i livet har jag funderat p\u00e5 om jag bara borde heta Lycke i efternamn i st\u00e4llet.\u00a0<\/p>\n<p>N\u00e4r Expressen tr\u00e4ffar honom efter hans seger p\u00e5 Finnkampen s\u00e4ger Lycke Holm att det inte \u00e4r hans plan att \u00e4ndra sitt namn i nul\u00e4get.\u00a0<\/p>\n<p>\u2013 Jag har inga st\u00f6rre tankar p\u00e5 det just nu. Jag f\u00e5r f\u00f6rs\u00f6ka leva upp till namnet helt enkelt. I slut\u00e4ndan \u00e4r jag \u00e4nd\u00e5 min egen person, s\u00e4ger han och forts\u00e4tter:\u00a0<\/p>\n<p>\u2013 Vi f\u00e5r v\u00e4l se i framtiden, men just nu k\u00e4nns \u00e4nd\u00e5 Lycke Holm som mitt efternamn.\u00a0<\/p>\n","protected":false},"excerpt":{"rendered":"Publicerad 30 aug 2025 kl 07.43Uppdaterad kl 07.56 Succ\u00e9n p\u00e5 U23-EM blev en l\u00e4ttnad f\u00f6r Melwin Lycke Holm.\u00a0&hellip;\n","protected":false},"author":2,"featured_media":17296,"comment_status":"","ping_status":"","sticky":false,"template":"","format":"standard","meta":{"footnotes":""},"categories":[5],"tags":[22,23,26,27,17,21,24,25,28,29,15,16,1802,2207,18,34,811,31,33,32,30,19,20],"class_list":{"0":"post-17295","1":"post","2":"type-post","3":"status-publish","4":"format-standard","5":"has-post-thumbnail","7":"category-rubriker","8":"tag-breaking-news","9":"tag-breakingnews","10":"tag-featured-news","11":"tag-featurednews","12":"tag-headlines","13":"tag-huvudnyheter","14":"tag-latest-news","15":"tag-latestnews","16":"tag-main-news","17":"tag-mainnews","18":"tag-news","19":"tag-nyheter","20":"tag-person-melwin-lycke-holm","21":"tag-person-stefan-holm","22":"tag-rubriker","23":"tag-se","24":"tag-sections-friidrott","25":"tag-svenska","26":"tag-sverige","27":"tag-sweden","28":"tag-swedish","29":"tag-top-stories","30":"tag-topstories"},"share_on_mastodon":{"url":"","error":""},"_links":{"self":[{"href":"https:\/\/www.europesays.com\/se\/wp-json\/wp\/v2\/posts\/17295","targetHints":{"allow":["GET"]}}],"collection":[{"href":"https:\/\/www.europesays.com\/se\/wp-json\/wp\/v2\/posts"}],"about":[{"href":"https:\/\/www.europesays.com\/se\/wp-json\/wp\/v2\/types\/post"}],"author":[{"embeddable":true,"href":"https:\/\/www.europesays.com\/se\/wp-json\/wp\/v2\/users\/2"}],"replies":[{"embeddable":true,"href":"https:\/\/www.europesays.com\/se\/wp-json\/wp\/v2\/comments?post=17295"}],"version-history":[{"count":0,"href":"https:\/\/www.europesays.com\/se\/wp-json\/wp\/v2\/posts\/17295\/revisions"}],"wp:featuredmedia":[{"embeddable":true,"href":"https:\/\/www.europesays.com\/se\/wp-json\/wp\/v2\/media\/17296"}],"wp:attachment":[{"href":"https:\/\/www.europesays.com\/se\/wp-json\/wp\/v2\/media?parent=17295"}],"wp:term":[{"taxonomy":"category","embeddable":true,"href":"https:\/\/www.europesays.com\/se\/wp-json\/wp\/v2\/categories?post=17295"},{"taxonomy":"post_tag","embeddable":true,"href":"https:\/\/www.europesays.com\/se\/wp-json\/wp\/v2\/tags?post=17295"}],"curies":[{"name":"wp","href":"https:\/\/api.w.org\/{rel}","templated":true}]}}