{"id":17297,"date":"2025-08-30T08:11:08","date_gmt":"2025-08-30T08:11:08","guid":{"rendered":"https:\/\/www.europesays.com\/se\/17297\/"},"modified":"2025-08-30T08:11:08","modified_gmt":"2025-08-30T08:11:08","slug":"david-malki-skriver-kontrakt-med-aik-allsvenskan","status":"publish","type":"post","link":"https:\/\/www.europesays.com\/se\/17297\/","title":{"rendered":"David Malki skriver kontrakt med AIK | Allsvenskan"},"content":{"rendered":"<p>Publicerad 30 aug 2025 kl 07.15Uppdaterad kl 08.52<\/p>\n<p>AIK hann g\u00f6ra en till v\u00e4rvning innan transferdeadline.<\/p>\n<p>David Malki \u00e4r klar och ansluter fr\u00e5n Syrianska.<\/p>\n<p>Talangen har skrivit p\u00e5 f\u00f6r tre \u00e5r med AIK.<\/p>\n<p><img   alt=\"\"\/> <\/p>\n<p>Foto: MICHAEL ERICHSEN \/ BILDBYR\u00c5N<\/p>\n<p>\u00d6ppna bild i helsk\u00e4rm<\/p>\n<p>Det svenska transferf\u00f6nstret st\u00e4ngde inatt och de flesta klubbarna i allsvenskan har hunnit presentera sina nyf\u00f6rv\u00e4rv. Exempelvis fick alla se Axel Kouame dra p\u00e5 sig AIK-tr\u00f6jan.<\/p>\n<p>Men AIK hann slutf\u00f6ra en transfer till \u2013 med tio minuter kvar innan deadline. Enligt Expressens k\u00e4llor har AIK v\u00e4rvat den eftertraktade talangen David Malki, 16.<\/p>\n<p>Talangen har skrivit p\u00e5 f\u00f6r tre \u00e5r med AIK. <a href=\"https:\/\/www.expressen.se\/sport\/fotboll\/allsvenskan\/allsvenska-kulisserna-klubben-som-jagar-aik-forsvaren-\/\" rel=\"nofollow noopener\" target=\"_blank\">Expressen<\/a> avsl\u00f6jade redan f\u00f6r en vecka sedan Stockholmklubbens intresse. Han har varit p\u00e5 m\u00e5nga utl\u00e4ndska klubbars radar.<\/p>\n<p>David Malki har gjort tv\u00e5 s\u00e4songer f\u00f6r Syrianska och framfarten har inte g\u00e5tt obem\u00e4rkt f\u00f6rbi. Malki har \u00e4ven blivit uttagen till P15-landslaget.\u00a0<\/p>\n","protected":false},"excerpt":{"rendered":"Publicerad 30 aug 2025 kl 07.15Uppdaterad kl 08.52 AIK hann g\u00f6ra en till v\u00e4rvning innan transferdeadline. David Malki&hellip;\n","protected":false},"author":2,"featured_media":17298,"comment_status":"","ping_status":"","sticky":false,"template":"","format":"standard","meta":{"footnotes":""},"categories":[68],"tags":[131,34,130,129,111,110,31,33,32,30],"class_list":{"0":"post-17297","1":"post","2":"type-post","3":"status-publish","4":"format-standard","5":"has-post-thumbnail","7":"category-sport","8":"tag-organization-aik-fotboll","9":"tag-se","10":"tag-sections-allsvenskan","11":"tag-sections-fotboll","12":"tag-sport","13":"tag-sports","14":"tag-svenska","15":"tag-sverige","16":"tag-sweden","17":"tag-swedish"},"share_on_mastodon":{"url":"","error":""},"_links":{"self":[{"href":"https:\/\/www.europesays.com\/se\/wp-json\/wp\/v2\/posts\/17297","targetHints":{"allow":["GET"]}}],"collection":[{"href":"https:\/\/www.europesays.com\/se\/wp-json\/wp\/v2\/posts"}],"about":[{"href":"https:\/\/www.europesays.com\/se\/wp-json\/wp\/v2\/types\/post"}],"author":[{"embeddable":true,"href":"https:\/\/www.europesays.com\/se\/wp-json\/wp\/v2\/users\/2"}],"replies":[{"embeddable":true,"href":"https:\/\/www.europesays.com\/se\/wp-json\/wp\/v2\/comments?post=17297"}],"version-history":[{"count":0,"href":"https:\/\/www.europesays.com\/se\/wp-json\/wp\/v2\/posts\/17297\/revisions"}],"wp:featuredmedia":[{"embeddable":true,"href":"https:\/\/www.europesays.com\/se\/wp-json\/wp\/v2\/media\/17298"}],"wp:attachment":[{"href":"https:\/\/www.europesays.com\/se\/wp-json\/wp\/v2\/media?parent=17297"}],"wp:term":[{"taxonomy":"category","embeddable":true,"href":"https:\/\/www.europesays.com\/se\/wp-json\/wp\/v2\/categories?post=17297"},{"taxonomy":"post_tag","embeddable":true,"href":"https:\/\/www.europesays.com\/se\/wp-json\/wp\/v2\/tags?post=17297"}],"curies":[{"name":"wp","href":"https:\/\/api.w.org\/{rel}","templated":true}]}}