{"id":17315,"date":"2025-08-30T08:37:07","date_gmt":"2025-08-30T08:37:07","guid":{"rendered":"https:\/\/www.europesays.com\/se\/17315\/"},"modified":"2025-08-30T08:37:07","modified_gmt":"2025-08-30T08:37:07","slug":"microsoft-utmanar-med-tva-egna-ai-modeller","status":"publish","type":"post","link":"https:\/\/www.europesays.com\/se\/17315\/","title":{"rendered":"Microsoft utmanar med tv\u00e5 egna AI-modeller"},"content":{"rendered":"<p>Microsoft har lanserat tv\u00e5 egna AI-modeller som enligt bolaget presterar i niv\u00e5 med de fr\u00e4msta p\u00e5 marknaden. D\u00e4rmed tar Microsoft ett tydligare kliv in i konkurrensen med partnern Open\u202fAI och andra tungviktare i branschen, skriver Semafor.<\/p>\n<p>De nya modellerna \u00e4r MAI-Voice-1, en talmodell som Microsoft beskriver som ovanligt sn\u00e5l med resurser, och MAI-1-preview, en textmodell som v\u00e4ntas driva framtida versioner av AI-assistenten Copilot i Windows och Office. <\/p>\n<p>\u2013 Det h\u00e4r \u00e4r en modell som presterar l\u00e5ngt \u00f6ver sin viktklass, s\u00e4ger bolagets AI-chef Mustafa Suleyman till Semafor.<\/p>\n<p>Omni \u00e4r politiskt obundna och oberoende. Vi str\u00e4var efter att ge fler perspektiv p\u00e5 nyheterna. Har du fr\u00e5gor eller synpunkter kring v\u00e5r rapportering? <a href=\"https:\/\/omni.se\/microsoft-utmanar-med-tva-egna-ai-modeller\/a\/mailto:redaktion@omni.se\" class=\"ArticleActions_contactLink__W2F1M\" rel=\"nofollow noopener\" target=\"_blank\">Kontakta redaktionen<\/a><\/p>\n","protected":false},"excerpt":{"rendered":"Microsoft har lanserat tv\u00e5 egna AI-modeller som enligt bolaget presterar i niv\u00e5 med de fr\u00e4msta p\u00e5 marknaden. D\u00e4rmed&hellip;\n","protected":false},"author":2,"featured_media":17316,"comment_status":"","ping_status":"","sticky":false,"template":"","format":"standard","meta":{"footnotes":""},"categories":[66],"tags":[735,466,333,334,464,80,78,79,34,31,33,32,30,81,84,83,82],"class_list":{"0":"post-17315","1":"post","2":"type-post","3":"status-publish","4":"format-standard","5":"has-post-thumbnail","7":"category-vetenskap-och-teknik","8":"tag-microsoft","9":"tag-artificiell-intelligens","10":"tag-data","11":"tag-it-hogteknologi","12":"tag-open-ai","13":"tag-science","14":"tag-science-and-technology","15":"tag-scienceandtechnology","16":"tag-se","17":"tag-svenska","18":"tag-sverige","19":"tag-sweden","20":"tag-swedish","21":"tag-technology","22":"tag-teknik","23":"tag-vetenskap","24":"tag-vetenskapteknik"},"share_on_mastodon":{"url":"","error":""},"_links":{"self":[{"href":"https:\/\/www.europesays.com\/se\/wp-json\/wp\/v2\/posts\/17315","targetHints":{"allow":["GET"]}}],"collection":[{"href":"https:\/\/www.europesays.com\/se\/wp-json\/wp\/v2\/posts"}],"about":[{"href":"https:\/\/www.europesays.com\/se\/wp-json\/wp\/v2\/types\/post"}],"author":[{"embeddable":true,"href":"https:\/\/www.europesays.com\/se\/wp-json\/wp\/v2\/users\/2"}],"replies":[{"embeddable":true,"href":"https:\/\/www.europesays.com\/se\/wp-json\/wp\/v2\/comments?post=17315"}],"version-history":[{"count":0,"href":"https:\/\/www.europesays.com\/se\/wp-json\/wp\/v2\/posts\/17315\/revisions"}],"wp:featuredmedia":[{"embeddable":true,"href":"https:\/\/www.europesays.com\/se\/wp-json\/wp\/v2\/media\/17316"}],"wp:attachment":[{"href":"https:\/\/www.europesays.com\/se\/wp-json\/wp\/v2\/media?parent=17315"}],"wp:term":[{"taxonomy":"category","embeddable":true,"href":"https:\/\/www.europesays.com\/se\/wp-json\/wp\/v2\/categories?post=17315"},{"taxonomy":"post_tag","embeddable":true,"href":"https:\/\/www.europesays.com\/se\/wp-json\/wp\/v2\/tags?post=17315"}],"curies":[{"name":"wp","href":"https:\/\/api.w.org\/{rel}","templated":true}]}}