{"id":17325,"date":"2025-08-30T08:52:18","date_gmt":"2025-08-30T08:52:18","guid":{"rendered":"https:\/\/www.europesays.com\/se\/17325\/"},"modified":"2025-08-30T08:52:18","modified_gmt":"2025-08-30T08:52:18","slug":"ridley-scott-erbjods-20-miljoner-vagrade-anda-gora-terminator-3","status":"publish","type":"post","link":"https:\/\/www.europesays.com\/se\/17325\/","title":{"rendered":"Ridley Scott erbj\u00f6ds 20 miljoner &#8211; v\u00e4grade \u00e4nd\u00e5 g\u00f6ra &#8221;Terminator 3&#8221;"},"content":{"rendered":"<p><strong>Ridley Scott<\/strong> \u00e4r hj\u00e4rnan bakom \u201dAlien\u201d och \u201dBlade Runner\u201d, tv\u00e5 av filmhistoriens mest ikoniska sci-fi-franchiser. Han hade \u00e4ven kunnat vara involverad i en tredje: \u201dTerminator\u201d. I en intervju med The Guardian avsl\u00f6jar han att han <strong>erbj\u00f6ds hela 20 miljoner f\u00f6r att regissera den tredje \u201dTerminator\u201d-filmen<\/strong> efter att James Cameron gjort de tv\u00e5 f\u00f6rsta, men att han tackade nej:<\/p>\n<p>\u2013 Jag \u00e4r stolt \u00f6ver det. Jag tackade nej till en l\u00f6n p\u00e5 20 miljoner dollar. Jag kan inte bli k\u00f6pt, mannen. N\u00e5gon sade \u201dFr\u00e5ga vad Arnie (Arnold Schwarzenegger, reds.anm), f\u00e5r\u201d. Jag t\u00e4nkte: \u201dJag pr\u00f6var\u201d. Jag sade: \u201dJag vill ha vad Arnie f\u00e5r\u201d. N\u00e4r de sade ja t\u00e4nkte jag \u201dhelvete\u201d. Men jag kunde inte g\u00f6ra det. Det \u00e4r inte min grej. Det \u00e4r som att g\u00f6ra en Bondfilm. K\u00e4rnan i en Bondfilm \u00e4r kul och knasigt. Terminator \u00e4r en ren serietidning. Jag hade f\u00f6rs\u00f6kt g\u00f6ra det riktigt. Det \u00e4r sk\u00e4let till att de aldrig bad mig att g\u00f6ra en Bondfilm, f\u00f6r jag kunde ha klantat till det. <\/p>\n<p>V\u00e4n av ordning vill p\u00e5peka att de senaste tjugo \u00e5rens Bondfilmer med Daniel Craig i m\u00e5ngt och mycket varit allt annat \u00e4n \u201dkul och knasiga\u201d, men Ridley Scott kanske missat dem. <\/p>\n<p>N\u00e4r det kommer till \u201dTerminator\u201d s\u00e5 \u00e4r det f\u00f6r alla sci-fi-n\u00f6rdar lite trist att Scott tackade nej: de filmerna k\u00e4nns mer som hans stil \u00e4n han verkar vilja erk\u00e4nna, och han l\u00e4r ha kunnat g\u00f6ra ett utm\u00e4rkt jobb med en \u201dTerminator\u201d-film om han bara vaknade p\u00e5 r\u00e4tt sida. <\/p>\n<p>Ist\u00e4llet f\u00f6r Scott f\u00f6ll valet av regiss\u00f6r f\u00f6r \u201dTerminator 3 \u2013 Rise of the Machines\u201d p\u00e5 <strong>Jonathan Mostow<\/strong>. Resultatet blev b\u00f6rjan p\u00e5 en l\u00e5ng rad mer eller mindre s\u00e5gade filmer som alla misslyckats kapitalt med att leva upp till Camerons tv\u00e5 f\u00f6rsta filmer. <\/p>\n<p>L\u00e4s ocks\u00e5: <a href=\"https:\/\/www.moviezine.se\/nyheter\/ridley-scott-avslojar-jobbar-pa-gladiator-3-just-nu\" title=\"Ridley Scott jobbar p\u00e5 \u201dGladiator 3\u201d \u2013 men f\u00f6rst ska han g\u00f6ra episk andra v\u00e4rldskrigsfilm\" class=\"underline-custom !font-montserrat !font-bold !underline-offset-4 !decoration-4 !decoration-moviezine-green !text-md\" rel=\"nofollow noopener\" target=\"_blank\">Ridley Scott jobbar p\u00e5 \u201dGladiator 3\u201d \u2013 men f\u00f6rst ska han g\u00f6ra episk andra v\u00e4rldskrigsfilm<\/a><\/p>\n<p>L\u00e4s ocks\u00e5: <a href=\"https:\/\/www.moviezine.se\/nyheter\/james-cameron-kampar-med-nasta-terminator-svart-att-skriva-science-fiction\" title=\"James Cameron k\u00e4mpar med n\u00e4sta \u201dTerminator\u201d: \u201dSv\u00e5rt att skriva science fiction\u201d\" class=\"underline-custom !font-montserrat !font-bold !underline-offset-4 !decoration-4 !decoration-moviezine-green !text-md\" rel=\"nofollow noopener\" target=\"_blank\">James Cameron k\u00e4mpar med n\u00e4sta \u201dTerminator\u201d: \u201dSv\u00e5rt att skriva science fiction\u201d<\/a><\/p>\n","protected":false},"excerpt":{"rendered":"Ridley Scott \u00e4r hj\u00e4rnan bakom \u201dAlien\u201d och \u201dBlade Runner\u201d, tv\u00e5 av filmhistoriens mest ikoniska sci-fi-franchiser. Han hade \u00e4ven&hellip;\n","protected":false},"author":2,"featured_media":17326,"comment_status":"","ping_status":"","sticky":false,"template":"","format":"standard","meta":{"footnotes":""},"categories":[67],"tags":[104,2208,34,31,33,32,30,2209,105],"class_list":{"0":"post-17325","1":"post","2":"type-post","3":"status-publish","4":"format-standard","5":"has-post-thumbnail","7":"category-underhallning","8":"tag-entertainment","9":"tag-ridley-scott","10":"tag-se","11":"tag-svenska","12":"tag-sverige","13":"tag-sweden","14":"tag-swedish","15":"tag-trivia","16":"tag-underhallning"},"share_on_mastodon":{"url":"","error":""},"_links":{"self":[{"href":"https:\/\/www.europesays.com\/se\/wp-json\/wp\/v2\/posts\/17325","targetHints":{"allow":["GET"]}}],"collection":[{"href":"https:\/\/www.europesays.com\/se\/wp-json\/wp\/v2\/posts"}],"about":[{"href":"https:\/\/www.europesays.com\/se\/wp-json\/wp\/v2\/types\/post"}],"author":[{"embeddable":true,"href":"https:\/\/www.europesays.com\/se\/wp-json\/wp\/v2\/users\/2"}],"replies":[{"embeddable":true,"href":"https:\/\/www.europesays.com\/se\/wp-json\/wp\/v2\/comments?post=17325"}],"version-history":[{"count":0,"href":"https:\/\/www.europesays.com\/se\/wp-json\/wp\/v2\/posts\/17325\/revisions"}],"wp:featuredmedia":[{"embeddable":true,"href":"https:\/\/www.europesays.com\/se\/wp-json\/wp\/v2\/media\/17326"}],"wp:attachment":[{"href":"https:\/\/www.europesays.com\/se\/wp-json\/wp\/v2\/media?parent=17325"}],"wp:term":[{"taxonomy":"category","embeddable":true,"href":"https:\/\/www.europesays.com\/se\/wp-json\/wp\/v2\/categories?post=17325"},{"taxonomy":"post_tag","embeddable":true,"href":"https:\/\/www.europesays.com\/se\/wp-json\/wp\/v2\/tags?post=17325"}],"curies":[{"name":"wp","href":"https:\/\/api.w.org\/{rel}","templated":true}]}}