{"id":17327,"date":"2025-08-30T08:55:15","date_gmt":"2025-08-30T08:55:15","guid":{"rendered":"https:\/\/www.europesays.com\/se\/17327\/"},"modified":"2025-08-30T08:55:15","modified_gmt":"2025-08-30T08:55:15","slug":"rysk-chefsekonom-en-recession-har-inletts","status":"publish","type":"post","link":"https:\/\/www.europesays.com\/se\/17327\/","title":{"rendered":"Rysk chefsekonom: En recession har inletts"},"content":{"rendered":"<p>Den ryska ekonomin \u00e4r i b\u00f6rjan av en recession. Den bed\u00f6mningen g\u00f6r Andrej Klepatj, chefsekonom p\u00e5 Kremls statliga bank VEB, enligt Moscow Times.<\/p>\n<p>De senaste tv\u00e5 kvartalen har Rysslands BNP-tillv\u00e4xt varit l\u00e4gre j\u00e4mf\u00f6rt med det f\u00f6reg\u00e5ende, vilket enligt vissa definitioner r\u00e4knas som \u201dteknisk recession\u201d. Detta efter att BNP de senaste tv\u00e5 \u00e5ren vuxit med fyra procent, p\u00e5driven av krigsekonomin.<\/p>\n<p>Den ryska tillv\u00e4xten har krympt till oansenliga niv\u00e5er. Det fj\u00e4rde kvartalet 2024 var den 4,5 procent, i det f\u00f6rsta kvartalet i \u00e5r 1,4 procent, och i det andra 1,1 procent.<\/p>\n<p>I juli stannade tillv\u00e4xten p\u00e5 \u00e5rsbasis i princip upp: 0,4 procent, enligt myndigheten f\u00f6r ekonomisk utveckling.<\/p>\n<p>Omni \u00e4r politiskt obundna och oberoende. Vi str\u00e4var efter att ge fler perspektiv p\u00e5 nyheterna. Har du fr\u00e5gor eller synpunkter kring v\u00e5r rapportering? <a href=\"https:\/\/omni.se\/rysk-chefsekonom-en-recession-har-inletts\/a\/mailto:redaktion@omni.se\" class=\"ArticleActions_contactLink__W2F1M\" rel=\"nofollow noopener\" target=\"_blank\">Kontakta redaktionen<\/a><\/p>\n","protected":false},"excerpt":{"rendered":"Den ryska ekonomin \u00e4r i b\u00f6rjan av en recession. Den bed\u00f6mningen g\u00f6r Andrej Klepatj, chefsekonom p\u00e5 Kremls statliga&hellip;\n","protected":false},"author":2,"featured_media":17328,"comment_status":"","ping_status":"","sticky":false,"template":"","format":"standard","meta":{"footnotes":""},"categories":[14],"tags":[22,23,267,26,27,17,21,24,25,28,29,15,16,18,264,34,31,33,32,30,19,20,51,52,53,54],"class_list":{"0":"post-17327","1":"post","2":"type-post","3":"status-publish","4":"format-standard","5":"has-post-thumbnail","7":"category-varlden","8":"tag-breaking-news","9":"tag-breakingnews","10":"tag-europa","11":"tag-featured-news","12":"tag-featurednews","13":"tag-headlines","14":"tag-huvudnyheter","15":"tag-latest-news","16":"tag-latestnews","17":"tag-main-news","18":"tag-mainnews","19":"tag-news","20":"tag-nyheter","21":"tag-rubriker","22":"tag-ryssland","23":"tag-se","24":"tag-svenska","25":"tag-sverige","26":"tag-sweden","27":"tag-swedish","28":"tag-top-stories","29":"tag-topstories","30":"tag-varlden","31":"tag-world","32":"tag-world-news","33":"tag-worldnews"},"share_on_mastodon":{"url":"","error":""},"_links":{"self":[{"href":"https:\/\/www.europesays.com\/se\/wp-json\/wp\/v2\/posts\/17327","targetHints":{"allow":["GET"]}}],"collection":[{"href":"https:\/\/www.europesays.com\/se\/wp-json\/wp\/v2\/posts"}],"about":[{"href":"https:\/\/www.europesays.com\/se\/wp-json\/wp\/v2\/types\/post"}],"author":[{"embeddable":true,"href":"https:\/\/www.europesays.com\/se\/wp-json\/wp\/v2\/users\/2"}],"replies":[{"embeddable":true,"href":"https:\/\/www.europesays.com\/se\/wp-json\/wp\/v2\/comments?post=17327"}],"version-history":[{"count":0,"href":"https:\/\/www.europesays.com\/se\/wp-json\/wp\/v2\/posts\/17327\/revisions"}],"wp:featuredmedia":[{"embeddable":true,"href":"https:\/\/www.europesays.com\/se\/wp-json\/wp\/v2\/media\/17328"}],"wp:attachment":[{"href":"https:\/\/www.europesays.com\/se\/wp-json\/wp\/v2\/media?parent=17327"}],"wp:term":[{"taxonomy":"category","embeddable":true,"href":"https:\/\/www.europesays.com\/se\/wp-json\/wp\/v2\/categories?post=17327"},{"taxonomy":"post_tag","embeddable":true,"href":"https:\/\/www.europesays.com\/se\/wp-json\/wp\/v2\/tags?post=17327"}],"curies":[{"name":"wp","href":"https:\/\/api.w.org\/{rel}","templated":true}]}}