{"id":17335,"date":"2025-08-30T09:07:07","date_gmt":"2025-08-30T09:07:07","guid":{"rendered":"https:\/\/www.europesays.com\/se\/17335\/"},"modified":"2025-08-30T09:07:07","modified_gmt":"2025-08-30T09:07:07","slug":"tva-klubbar-jagar-anton-saletros-allsvenskan","status":"publish","type":"post","link":"https:\/\/www.europesays.com\/se\/17335\/","title":{"rendered":"Tv\u00e5 klubbar jagar Anton Sal\u00e9tros | Allsvenskan"},"content":{"rendered":"<p>Publicerad 30 aug 2025 kl 10.15<\/p>\n<p>Tv\u00e5 klubbar f\u00f6rs\u00f6ker v\u00e4rva Anton Sal\u00e9tros innan transferdeadline.<\/p>\n<p>Det handlar om Leicester i Championship och Hellas Verona i Serie A.<\/p>\n<p>Enligt Expressens k\u00e4llor kan b\u00e4gge klubbarna l\u00e4gga bud inom kort.<\/p>\n<p><img   alt=\"\"\/><\/p>\n<p>Anton Sal\u00e9tros.<\/p>\n<p>Foto: MICHAEL CAMPANELLA \/ BILDBYR\u00c5N<\/p>\n<p>\u00d6ppna bild i helsk\u00e4rm<\/p>\n<p>Det svenska transferf\u00f6nstret bommade igen inatt och f\u00f6r de svenska klubbarna \u00e4r det f\u00e4rdigv\u00e4rvat. AIK hann presentera v\u00e4rvningen av Axel Kouame fr\u00e5n FC Inter \u00c5bo.<\/p>\n<p>De svenska klubbarna kan dock s\u00e4lja en tid till. Exempelvis st\u00e4nger topp fem-ligorna p\u00e5 m\u00e5ndag, och d\u00e4r arbetar flera klubbar p\u00e5 att l\u00f6sa sina sista v\u00e4rvningar.<\/p>\n<p>Vill v\u00e4rva Sal\u00e9tros<\/p>\n<p>Nu har tv\u00e5 klubbar v\u00e4nt blickarna till Sverige.\u00a0<\/p>\n<p>Enligt uppgifter till Expressen f\u00f6rs\u00f6ker Hellas Verona i Serie A och Leicester City i Championship g\u00e5 f\u00f6r AIK:s <a href=\"https:\/\/www.expressen.se\/tagg\/person\/anton-saletros\/\" class=\"\" rel=\"nofollow noopener\" target=\"_blank\">Anton Sal\u00e9tros<\/a> innan deadline.<\/p>\n<p>B\u00e5da klubbarna kan komma att l\u00e4gga bud p\u00e5 den svenske landslagsmittf\u00e4ltaren innan de europeiska transferf\u00f6nstrena st\u00e4nger. Det uppger flera k\u00e4llor f\u00f6r Expressen.<\/p>\n<p>Kan l\u00e4gga bud<\/p>\n<p>Leicester City tr\u00e4nas numera av den tidigare Hammarby-tr\u00e4naren Marti Cifuentes som tog \u00f6ver klubben i somras. Klubben ligger f\u00f6r n\u00e4rvarande p\u00e5 tredjeplats i ligaspelet.<\/p>\n<p>Det \u00e5terst\u00e5r att se hur AIK st\u00e4ller sig till att sl\u00e4ppa Sal\u00e9tros s\u00e5 h\u00e4r sent.\u00a0<\/p>\n<p>Tidigare har klubbens head of recruitment Fredrik Wisur Hansen ber\u00e4ttat att klubben g\u00e4rna skjuter p\u00e5 de stora f\u00f6rs\u00e4ljningarna.<\/p>\n<p>\u2013 Mest sannolikt blir det inget i augusti. Men det finns konkret intresse p\u00e5 flera spelare och s\u00e5 f\u00e5r vi se om det blir av efter f\u00f6nstret, under f\u00f6nstret eller n\u00e5gon g\u00e5ng i h\u00f6st, s\u00e4ger Wisur Hansen. Utl\u00e5ning blir det nog. Permanent (f\u00f6rs\u00e4ljning) \u00e4r os\u00e4kert, f\u00f6rklarade Wisur Hansen f\u00f6r <a href=\"https:\/\/www.fotbollskanalen.se\/allsvenskan\/aiks-plan-skjuta-pa-stora-forsaljningar-vill-bara-lana-ut\/\" rel=\"nofollow noopener\" target=\"_blank\">Fotbollskanalen<\/a>.<\/p>\n<p>Trots AIK:s inst\u00e4llning i fr\u00e5gan s\u00e5 vill Hellas Verona och Leicester v\u00e4rva Anton Sal\u00e9tros och de n\u00e4rmaste dagarna blir avg\u00f6rande f\u00f6r hur situationen utvecklar sig.<\/p>\n","protected":false},"excerpt":{"rendered":"Publicerad 30 aug 2025 kl 10.15 Tv\u00e5 klubbar f\u00f6rs\u00f6ker v\u00e4rva Anton Sal\u00e9tros innan transferdeadline. Det handlar om Leicester&hellip;\n","protected":false},"author":2,"featured_media":17336,"comment_status":"","ping_status":"","sticky":false,"template":"","format":"standard","meta":{"footnotes":""},"categories":[68],"tags":[131,2210,34,130,129,111,110,31,33,32,30],"class_list":{"0":"post-17335","1":"post","2":"type-post","3":"status-publish","4":"format-standard","5":"has-post-thumbnail","7":"category-sport","8":"tag-organization-aik-fotboll","9":"tag-person-anton-saletros","10":"tag-se","11":"tag-sections-allsvenskan","12":"tag-sections-fotboll","13":"tag-sport","14":"tag-sports","15":"tag-svenska","16":"tag-sverige","17":"tag-sweden","18":"tag-swedish"},"share_on_mastodon":{"url":"","error":""},"_links":{"self":[{"href":"https:\/\/www.europesays.com\/se\/wp-json\/wp\/v2\/posts\/17335","targetHints":{"allow":["GET"]}}],"collection":[{"href":"https:\/\/www.europesays.com\/se\/wp-json\/wp\/v2\/posts"}],"about":[{"href":"https:\/\/www.europesays.com\/se\/wp-json\/wp\/v2\/types\/post"}],"author":[{"embeddable":true,"href":"https:\/\/www.europesays.com\/se\/wp-json\/wp\/v2\/users\/2"}],"replies":[{"embeddable":true,"href":"https:\/\/www.europesays.com\/se\/wp-json\/wp\/v2\/comments?post=17335"}],"version-history":[{"count":0,"href":"https:\/\/www.europesays.com\/se\/wp-json\/wp\/v2\/posts\/17335\/revisions"}],"wp:featuredmedia":[{"embeddable":true,"href":"https:\/\/www.europesays.com\/se\/wp-json\/wp\/v2\/media\/17336"}],"wp:attachment":[{"href":"https:\/\/www.europesays.com\/se\/wp-json\/wp\/v2\/media?parent=17335"}],"wp:term":[{"taxonomy":"category","embeddable":true,"href":"https:\/\/www.europesays.com\/se\/wp-json\/wp\/v2\/categories?post=17335"},{"taxonomy":"post_tag","embeddable":true,"href":"https:\/\/www.europesays.com\/se\/wp-json\/wp\/v2\/tags?post=17335"}],"curies":[{"name":"wp","href":"https:\/\/api.w.org\/{rel}","templated":true}]}}