{"id":173572,"date":"2026-02-23T20:55:09","date_gmt":"2026-02-23T20:55:09","guid":{"rendered":"https:\/\/www.europesays.com\/se\/173572\/"},"modified":"2026-02-23T20:55:09","modified_gmt":"2026-02-23T20:55:09","slug":"tuva-novotny-aterforenad-med-smala-sussie-regissoren-minns-varenda-scen-vi-gjort","status":"publish","type":"post","link":"https:\/\/www.europesays.com\/se\/173572\/","title":{"rendered":"Tuva Novotny \u00e5terf\u00f6renad med \u201dSmala Sussie\u201d-regiss\u00f6ren: \u201dMinns varenda scen vi gjort\u201d"},"content":{"rendered":"<p>2003 fick den unga <strong>Tuva Novotny<\/strong> rollen som titelkarakt\u00e4ren i <a href=\"https:\/\/www.moviezine.se\/movies\/smala-sussie\" rel=\"nofollow noopener\" target=\"_blank\">\u201dSmala Sussie\u201d<\/a> \u2013 <strong>Ulf Malmros<\/strong> dramakomedi som skulle komma att bli en sann svensk kultklassiker.<\/p>\n<p>Det var en av rollerna som satte Novotny p\u00e5 kartan i b\u00f6rjan av 00-talet, och det var ocks\u00e5 b\u00f6rjan p\u00e5 ett l\u00e5ngt givande samarbete med regiss\u00f6ren. Sk\u00e5despelerskan och regiss\u00f6ren har sedan dess jobbat tillsammans p\u00e5 b\u00e5de \u201dBr\u00f6llopsfotografen\u201d och \u201dMammas pojkar\u201d.<\/p>\n<p>Nu \u00e4r de \u00e5terf\u00f6renade igen med ytterligare en varm v\u00e4rml\u00e4ndsk dramakomedi \u2013 <a href=\"https:\/\/www.moviezine.se\/movies\/grannfejden\" rel=\"nofollow noopener\" target=\"_blank\">\u201dGrannfejden\u201d<\/a>, som nyss har f\u00e5tt biopremi\u00e4r. I samband med det fick jag s\u00e4tta mig med Tuva Novotny via l\u00e4nk f\u00f6r ett samtal om det \u201dSmala Sussie\u201d och relationen med Ulf Malmros s\u00e5v\u00e4l som den nya filmen.<\/p>\n<p>Sk\u00e5despelerskan tvekade inte inf\u00f6r att acceptera den nya rollen.<\/p>\n<p>\u2013 Jag och Ulf Malmros har ju en way back-relation, s\u00e4ger hon. Du vet, jag jobbade med honom n\u00e4r jag var, vadd\u00e5, 21 liksom. S\u00e5 oavsett vad han g\u00f6r s\u00e5 kommer jag alltid vilja jobba med honom. F\u00f6r jag har alltid haft det fantastiskt roligt med Ulf och Jaana (Fomin), hans fru och medregiss\u00f6r.<\/p>\n<p><img loading=\"lazy\" height=\"364\" width=\"648\" class=\"wp-image-714237 sp-no-webp perfmatters-lazy\" alt=\"\" decoding=\"async\" src=\"https:\/\/www.europesays.com\/se\/wp-content\/uploads\/2026\/02\/Grannfejden_01_18_01_15-1-648x364.jpg\"  data-\/> Med Kjell Bergqvist i \u201dGrannfejden\u201d.<\/p>\n<p>Lycklig att Ulf Malmros \u00e4r tillbaka<\/p>\n<p>Sk\u00e5despelerskan beundrade Ulf Malmros filmer och tv-serier redan innan de jobbade tillsammans f\u00f6r f\u00f6rsta g\u00e5ngen.<\/p>\n<p>\u2013 Han hade en stils\u00e4kerhet som v\u00e4ldigt f\u00e5 hade. I Sverige har vi ju ingen stor tradition av den slags estetiska stilism som han har haft. Och det tyckte jag var j\u00e4vligt sp\u00e4nnande d\u00e5. Jag var ett fan n\u00e4r vi tr\u00e4ffades och det \u00e4r n\u00e5gonting som fortfarande lever kvar.\u00a0<\/p>\n<p>\u201dGrannfejden\u201d \u00e4r Malmros f\u00f6rsta film sedan 2016 \u00e5rs \u201dFlykten till framtiden\u201d. <\/p>\n<p>\u2013 Jag har varit lycklig f\u00f6r att han \u00e4r tillbaka, s\u00e4ger Novotny. F\u00f6r vi har ju en j\u00e4ttefin tradition med n\u00e5gon slags socialrealism och \u00e4ven med Nordic noir, men jag tycker att han \u00e4r ett friskt tillskott i den svenska skandinaviska filmbilden.\u00a0<\/p>\n<p>\u2013 F\u00f6r han \u00e4r ju kn\u00e4pp liksom. Han g\u00f6r ju roliga grejer. Att han ocks\u00e5 v\u00e5gar satsa utseendem\u00e4ssigt p\u00e5 en f\u00f6rh\u00f6jd humor.<\/p>\n<p><img loading=\"lazy\" height=\"364\" width=\"648\" class=\"wp-image-713847 sp-no-webp perfmatters-lazy\" alt=\"\" decoding=\"async\" src=\"https:\/\/www.europesays.com\/se\/wp-content\/uploads\/2026\/02\/Grannfejden_01_46_02_18-1-648x364.jpg\"  data-\/> Med Ida Hallquist i \u201dGrannfejden\u201d.<\/p>\n<p>Sl\u00e5ss mot sexism i \u201dGrannfejden\u201d<\/p>\n<p>\u201dGrannfejden\u201d handlar om konflikten mellan en f\u00f6re detta statsminister (Kjell Bergqvist) och hans egensinniga granne Harry Flodman (Robert Gustafsson) som b\u00f6rjar med ett stinkande utedass.<\/p>\n<p>Mitt emellan dem st\u00e5r tv\u00e5 systrar. Ida Hallquist spelar lillasystern, en influencer som otippat st\u00e4ller sig p\u00e5 Flodmans sida i fejden. I rollen som den mer ordentliga storasystern ser vi Tuva Novotny.\u00a0<\/p>\n<p>Hon g\u00f6r allt hon kan f\u00f6r att g\u00f6ra statsministern bekv\u00e4m, vilket inneb\u00e4r att jobba emot Flodmans r\u00e4ttigheter. Trots att det blir mer och mer motvilligt genom filmens g\u00e5ng.<\/p>\n<p>\u2013 Hon \u00e4r den d\u00e4r ordentliga storasyrran som f\u00f6rs\u00f6ker g\u00f6ra r\u00e4tt f\u00f6r sig och skapa ett fungerande liv, menar Novotny. Och samtidigt sl\u00e5ss hon med kvarlevorna av det ur\u00e5ldriga machosamh\u00e4llet som inte riktigt har metooats bort i det h\u00e4r samh\u00e4llet hon bor i.\u00a0<\/p>\n<p>\u2013 S\u00e5 jag tyckte det var lite fint att f\u00e5 nosa p\u00e5 det d\u00e4r, hur det fortfarande \u00e4r f\u00f6r en del. Som m\u00e5ste sl\u00e5ss mot ren sexism faktiskt som hon g\u00f6r.\u00a0<\/p>\n<p>\u2013 Men sen \u00e4r hon samtidigt en s\u00e5dan d\u00e4r lite f\u00f6rnuftig motvikt till sin extravaganta influencersyster och det \u00e4r ocks\u00e5 h\u00e4rligt. Jag \u00e4r en ganska torr och f\u00f6rnuftig person sj\u00e4lv s\u00e5 det var ganska sk\u00f6nt.<\/p>\n<p><img loading=\"lazy\" height=\"365\" width=\"648\" class=\"wp-image-714477 sp-no-webp perfmatters-lazy\" alt=\"\" decoding=\"async\" src=\"https:\/\/www.europesays.com\/se\/wp-content\/uploads\/2026\/02\/1591008941-9e4b267c9c0e7a1b7ae307f3a359833cd1360550-648x365.jpg\"  data-\/> Novotny som \u201dSmala Sussie\u201d.<\/p>\n<p><strong>D\u00e4rf\u00f6r har <\/strong>\u201dSmala Sussie\u201d blivit en klassiker<\/p>\n<p>N\u00e4r jag fr\u00e5gar Tuva Novotny om h\u00f6jdpunkten i det l\u00e5nga samarbetet med Ulf Malmros finns det f\u00f6r m\u00e5nga f\u00f6r att n\u00e4mna.<\/p>\n<p>\u2013 Vi har haft s\u00e5 j\u00e4vla kul allts\u00e5, s\u00e4ger hon. Allt har ju varit h\u00f6jdpunkter. Man kan n\u00e4stan minnas varenda scen vi har gjort.<\/p>\n<p>Jag m\u00e5ste ta chansen att prata om det d\u00e4r f\u00f6rsta samarbetet som har blivit s\u00e5 ikoniskt. \u201dSmala Sussie\u201d \u00e4r inte bara en unik svensk film, utan ocks\u00e5 en av f\u00e5 fr\u00e5n 2000-talet som med r\u00e4tta kan st\u00e4mplas som en \u00e4kta kultklassiker.<\/p>\n<p>Men att den skulle bli s\u00e5 popul\u00e4r som den har blivit var inte n\u00e5got Tuva Novotny var beredd p\u00e5.<\/p>\n<p>\u2013 Jag fattade inte det d\u00e5, ber\u00e4ttar hon. Det var f\u00f6rst n\u00e4r jag b\u00f6rjade jobba i Norge typ tio \u00e5r senare och man blev stoppad p\u00e5 gatan. Fortfarande. \u201dJaha, var det s\u00e5 den blev d\u00e4r ute, \u00e4ven utanf\u00f6r Sverige?\u201d I Danmark \u00e4r den ocks\u00e5 j\u00e4ttestor fortfarande.<\/p>\n<p>Sk\u00e5despelerskan har fortfarande \u201dingen aning\u201d om varf\u00f6r det blev en s\u00e5dan succ\u00e9, s\u00e4ger hon.\u00a0Men hon sl\u00e5r fast att det finns n\u00e5got unikt i hur Malmros blandar genrer.<\/p>\n<p>\u2013 Den var s\u00e5 lustfylld. Och nu \u00e4r jag tillbaka till kn\u00e4pp. Den var ju politiskt inkorrekt, den var over the top, och samtidigt ganska autentisk i n\u00e5gra karakt\u00e4rer som man kanske har tr\u00e4ffat n\u00e5gon g\u00e5ng.<\/p>\n<p>\u2013 Det tror jag kanske \u00e4r k\u00e4rnan av Ulf och Jaanas skapande, forts\u00e4tter hon. Det \u00e4r r\u00f6jigt och st\u00f6kigt och f\u00f6r mycket och knasigt och samtidigt finns det en \u00e5dra av ren dramatik och ganska stor k\u00e4rlek och sorg i det ocks\u00e5. Sussie \u00e4r ju faktiskt en heroinist som d\u00f6r.<\/p>\n<p><img loading=\"lazy\" height=\"365\" width=\"648\" class=\"wp-image-714480 sp-no-webp perfmatters-lazy\" alt=\"\" decoding=\"async\" src=\"https:\/\/www.europesays.com\/se\/wp-content\/uploads\/2026\/02\/nedladdning-648x365.jpg\"  data-\/> \u201dSmala Sussie\u201d.<\/p>\n<p>\u201dEn j\u00e4ttetrasig historia\u201d<\/p>\n<p>Novotny v\u00e4xte sj\u00e4lv upp p\u00e5 landet och minns hur det fanns en stor problematik hos ungdomar med tung narkotika.<\/p>\n<p>\u2013 Jag vet inte om det kan ha haft att g\u00f6ra med att det \u00e4r inpackat i den h\u00e4r lustfyllda ballongen av bilkaravaner och h\u00e4ftiga kl\u00e4der och hon \u00e4r liksom Miss motor och det kommer Trazan och Banarne och sen mitt i allt det d\u00e4r s\u00e5 \u00e4r det en j\u00e4ttetrasig historia.<\/p>\n<p>Vad rollen som Sussie har betytt f\u00f6r Tuva Novotnys karri\u00e4r vill hon inte spekulera i. Hon kallar sig \u201dotroligt ostrategisk\u201d och \u201dhelt ointresserad\u201d av att analysera sitt eget arbete. En sak kan hon dock s\u00e4tta fingret p\u00e5.<\/p>\n<p>\u2013 Det den har betytt f\u00f6r mig personligen \u00e4r att den fundamenterade, cementerade ett livsl\u00e5ngt band till Ulf och Jaana som jag kan b\u00f6rja gr\u00e5ta \u00f6ver n\u00e4r som helst. F\u00f6r jag \u00e4lskar att jobba med dem och det \u00e4r jag s\u00e5 tacksam \u00f6ver att jag f\u00e5r g\u00f6ra igen.<\/p>\n<p>F\u00f6r att se detta senaste samarbete \u00e4r det bara att bege sig till n\u00e4rmsta biograf och k\u00f6pa en biljett till \u201dGrannfejden\u201d. Se en trailer nedan:<\/p>\n<p><img loading=\"lazy\" decoding=\"async\" alt=\"YouTube video\" width=\"480\" height=\"360\" data-pin-nopin=\"true\" nopin=\"nopin\" class=\"perfmatters-lazy\" src=\"https:\/\/www.europesays.com\/se\/wp-content\/uploads\/2026\/01\/1768229655_430_hqdefault.jpg\"\/><\/p>\n<p>L\u00e4s ocks\u00e5: <a href=\"https:\/\/www.moviezine.se\/nyheter\/kjell-bergqvist-intervju-grannfejden\" title=\"Kjell Bergqvists k\u00e4nga till f\u00f6re detta statsministern: \u201dJ\u00e4vligt tragiskt\u201d\" class=\"underline-custom !font-montserrat !font-bold !underline-offset-4 !decoration-4 !decoration-moviezine-green !text-md\" rel=\"nofollow noopener\" target=\"_blank\">Kjell Bergqvists k\u00e4nga till f\u00f6re detta statsministern: \u201dJ\u00e4vligt tragiskt\u201d<\/a><\/p>\n<p>L\u00e4s ocks\u00e5: <a href=\"https:\/\/www.moviezine.se\/nyheter\/robert-gustafsson-intervju-grannfejden\" title=\"Nya rollen \u00e4r personlig f\u00f6r Robert Gustafsson: \u201dK\u00e4nner igen mig v\u00e4ldigt mycket\u201d\" class=\"underline-custom !font-montserrat !font-bold !underline-offset-4 !decoration-4 !decoration-moviezine-green !text-md\" rel=\"nofollow noopener\" target=\"_blank\">Nya rollen \u00e4r personlig f\u00f6r Robert Gustafsson: \u201dK\u00e4nner igen mig v\u00e4ldigt mycket\u201d<\/a><\/p>\n","protected":false},"excerpt":{"rendered":"2003 fick den unga Tuva Novotny rollen som titelkarakt\u00e4ren i \u201dSmala Sussie\u201d \u2013 Ulf Malmros dramakomedi som skulle&hellip;\n","protected":false},"author":2,"featured_media":173573,"comment_status":"","ping_status":"","sticky":false,"template":"","format":"standard","meta":{"footnotes":"","_share_on_mastodon":"0"},"categories":[67],"tags":[2113,104,2292,2293,34,2535,31,33,32,30,105],"class_list":["post-173572","post","type-post","status-publish","format-standard","has-post-thumbnail","category-underhallning","tag-bioaktuellt","tag-entertainment","tag-exklusivt","tag-intervjuer","tag-se","tag-svensk-film","tag-svenska","tag-sverige","tag-sweden","tag-swedish","tag-underhallning"],"share_on_mastodon":{"url":"https:\/\/pubeurope.com\/@se\/116121942296819301","error":""},"_links":{"self":[{"href":"https:\/\/www.europesays.com\/se\/wp-json\/wp\/v2\/posts\/173572","targetHints":{"allow":["GET"]}}],"collection":[{"href":"https:\/\/www.europesays.com\/se\/wp-json\/wp\/v2\/posts"}],"about":[{"href":"https:\/\/www.europesays.com\/se\/wp-json\/wp\/v2\/types\/post"}],"author":[{"embeddable":true,"href":"https:\/\/www.europesays.com\/se\/wp-json\/wp\/v2\/users\/2"}],"replies":[{"embeddable":true,"href":"https:\/\/www.europesays.com\/se\/wp-json\/wp\/v2\/comments?post=173572"}],"version-history":[{"count":0,"href":"https:\/\/www.europesays.com\/se\/wp-json\/wp\/v2\/posts\/173572\/revisions"}],"wp:featuredmedia":[{"embeddable":true,"href":"https:\/\/www.europesays.com\/se\/wp-json\/wp\/v2\/media\/173573"}],"wp:attachment":[{"href":"https:\/\/www.europesays.com\/se\/wp-json\/wp\/v2\/media?parent=173572"}],"wp:term":[{"taxonomy":"category","embeddable":true,"href":"https:\/\/www.europesays.com\/se\/wp-json\/wp\/v2\/categories?post=173572"},{"taxonomy":"post_tag","embeddable":true,"href":"https:\/\/www.europesays.com\/se\/wp-json\/wp\/v2\/tags?post=173572"}],"curies":[{"name":"wp","href":"https:\/\/api.w.org\/{rel}","templated":true}]}}