{"id":17378,"date":"2025-08-30T09:55:12","date_gmt":"2025-08-30T09:55:12","guid":{"rendered":"https:\/\/www.europesays.com\/se\/17378\/"},"modified":"2025-08-30T09:55:12","modified_gmt":"2025-08-30T09:55:12","slug":"uppgifter-beata-olsson-lamnar-kristianstad","status":"publish","type":"post","link":"https:\/\/www.europesays.com\/se\/17378\/","title":{"rendered":"Uppgifter: Beata Olsson l\u00e4mnar Kristianstad"},"content":{"rendered":"<p><strong>Beata Olsson, 24, \u00e4r p\u00e5 v\u00e4g att l\u00e4mna <a href=\"https:\/\/fotbolldirekt.se\/klubb\/kristianstad-dff\/\" rel=\"nofollow noopener\" target=\"_blank\">Kristianstads DFF<\/a>.<br \/>Enligt Soccerdonna \u00e4r anfallaren klar f\u00f6r en klubb i WSL.<br \/>Olsson v\u00e4ntas missa l\u00f6rdagens match mot AIK.<\/strong><\/p>\n<p>Sejouren i Kristianstad ser ut att bli ett halv\u00e5r l\u00e5ng. Anfallaren, som ansl\u00f6t fr\u00e5n <a href=\"https:\/\/fotbolldirekt.se\/klubb\/aik-fotboll-damer\/\" rel=\"nofollow noopener\" target=\"_blank\">AIK<\/a> inf\u00f6r s\u00e4songen 2025, uppges vara klar f\u00f6r en flytt utomlands.<\/p>\n<p>Det \u00e4r Instagram-kontot Soccerdonna som rapporterar att 24-\u00e5ringen kommer att l\u00e4mna Kristianstad f\u00f6r en klubb i den engelska h\u00f6gstaligan, Womens Super League. Vilken klubb det r\u00f6r sig om framg\u00e5r inte av uppgifterna.<\/p>\n<blockquote class=\"instagram-media\" data-instgrm-captioned=\"\" data-instgrm-permalink=\"https:\/\/www.instagram.com\/p\/DN-LGwYjMdG\/?utm_source=ig_embed&amp;utm_campaign=loading\" data-instgrm-version=\"14\" style=\" background:#FFF; border:0; border-radius:3px; box-shadow:0 0 1px 0 rgba(0,0,0,0.5),0 1px 10px 0 rgba(0,0,0,0.15); margin: 1px; max-width:540px; min-width:326px; padding:0; width:99.375%; width:-webkit-calc(100% - 2px); width:calc(100% - 2px);\">\n<\/blockquote>\n<p>Enligt Soccerdonna kommer Olsson inte att vara med i matchtruppen n\u00e4r Kristianstad tar emot AIK under l\u00f6rdagen.<\/p>\n<p><script async src=\"\/\/www.instagram.com\/embed.js\"><\/script><\/p>\n","protected":false},"excerpt":{"rendered":"Beata Olsson, 24, \u00e4r p\u00e5 v\u00e4g att l\u00e4mna Kristianstads DFF.Enligt Soccerdonna \u00e4r anfallaren klar f\u00f6r en klubb i&hellip;\n","protected":false},"author":2,"featured_media":17379,"comment_status":"","ping_status":"","sticky":false,"template":"","format":"standard","meta":{"footnotes":""},"categories":[68],"tags":[34,411,111,110,31,33,32,30],"class_list":{"0":"post-17378","1":"post","2":"type-post","3":"status-publish","4":"format-standard","5":"has-post-thumbnail","7":"category-sport","8":"tag-se","9":"tag-senaste-nytt","10":"tag-sport","11":"tag-sports","12":"tag-svenska","13":"tag-sverige","14":"tag-sweden","15":"tag-swedish"},"share_on_mastodon":{"url":"","error":""},"_links":{"self":[{"href":"https:\/\/www.europesays.com\/se\/wp-json\/wp\/v2\/posts\/17378","targetHints":{"allow":["GET"]}}],"collection":[{"href":"https:\/\/www.europesays.com\/se\/wp-json\/wp\/v2\/posts"}],"about":[{"href":"https:\/\/www.europesays.com\/se\/wp-json\/wp\/v2\/types\/post"}],"author":[{"embeddable":true,"href":"https:\/\/www.europesays.com\/se\/wp-json\/wp\/v2\/users\/2"}],"replies":[{"embeddable":true,"href":"https:\/\/www.europesays.com\/se\/wp-json\/wp\/v2\/comments?post=17378"}],"version-history":[{"count":0,"href":"https:\/\/www.europesays.com\/se\/wp-json\/wp\/v2\/posts\/17378\/revisions"}],"wp:featuredmedia":[{"embeddable":true,"href":"https:\/\/www.europesays.com\/se\/wp-json\/wp\/v2\/media\/17379"}],"wp:attachment":[{"href":"https:\/\/www.europesays.com\/se\/wp-json\/wp\/v2\/media?parent=17378"}],"wp:term":[{"taxonomy":"category","embeddable":true,"href":"https:\/\/www.europesays.com\/se\/wp-json\/wp\/v2\/categories?post=17378"},{"taxonomy":"post_tag","embeddable":true,"href":"https:\/\/www.europesays.com\/se\/wp-json\/wp\/v2\/tags?post=17378"}],"curies":[{"name":"wp","href":"https:\/\/api.w.org\/{rel}","templated":true}]}}