{"id":173915,"date":"2026-02-24T08:34:08","date_gmt":"2026-02-24T08:34:08","guid":{"rendered":"https:\/\/www.europesays.com\/se\/173915\/"},"modified":"2026-02-24T08:34:08","modified_gmt":"2026-02-24T08:34:08","slug":"ida-lova-nominerad-till-grammis-drommen-ar-nu-verklig-kulturnytt","status":"publish","type":"post","link":"https:\/\/www.europesays.com\/se\/173915\/","title":{"rendered":"Ida-Lova nominerad till Grammis: \u201dDr\u00f6mmen \u00e4r nu verklig\u201d &#8211; Kulturnytt"},"content":{"rendered":"<p><strong>Nominerade till Grammis 2026<\/strong><\/p>\n<p><strong>\u00c5RETS ALBUM<\/strong><\/p>\n<p>Anna von Hausswolff \u2013 ICONOCLASTS<\/p>\n<p>Ghost \u2013 Skelet\u00e1<\/p>\n<p>Lisa Nilsson \u2013 Uteblivna vi<\/p>\n<p>Veronica Maggio \u2013 Sciura<\/p>\n<p>Viagra Boys \u2013 viagr aboys<\/p>\n<p>\u00a0<\/p>\n<p><strong>\u00c5RETS ALTERNATIVA POP<\/strong><\/p>\n<p>Anna von Hausswolff \u2013 ICONOCLASTS<\/p>\n<p>Deki Alem \u2013 Forget In Mass<\/p>\n<p>Markus Kruneg\u00e5rd \u2013 Bastard<\/p>\n<p>Olga Myko \u2013 WHEN A GIRL CRIES<\/p>\n<p>Sunnan \u2013 Cinema Sound System<\/p>\n<p>\u00a0<\/p>\n<p><strong>\u00c5RETS ARTIST<\/strong><\/p>\n<p>Ghost<\/p>\n<p>Hov1<\/p>\n<p>Viagra Boys<\/p>\n<p>Yung Lean<\/p>\n<p>Zara Larsson<\/p>\n<p>\u00a0<\/p>\n<p><strong>\u00c5RETS BARNMUSIK<\/strong><\/p>\n<p>Humlan Djojj \u2013 Djojj leker cirkus (L\u00e5tarna fr\u00e5n musikalen)<\/p>\n<p>Johan Eckman &amp; Per Gustavsson \u2013 Nattmamman och andra fasansfulla s\u00e5nger<\/p>\n<p>Mathias Zachrisson \u2013 K\u00e4nslorna<\/p>\n<p>My &amp; Mats, Victor Sandberg \u2013 Makrillar &amp; Maneter<\/p>\n<p>Peter Nordahl &amp; Kungliga Filharmonikerna \u2013 Vi p\u00e5 Saltkr\u00e5kan (Musiken fr\u00e5n TV-serien)<\/p>\n<p>\u00a0<\/p>\n<p><strong>\u00c5RETS DANSBAND<\/strong><\/p>\n<p>Blender \u2013 Ett Tv\u00e5 Tre<\/p>\n<p>Casanovas \u2013 Samlad \u00e5rsproduktion<\/p>\n<p>Donnez \u2013 25 \u00e5r p\u00e5 v\u00e4garna<\/p>\n<p>Larz-Kristerz \u2013 F\u00f6r v\u00e4gens vind<\/p>\n<p>Streaplers \u2013 Alla som vet<\/p>\n<p>\u00a0<\/p>\n<p><strong>\u00c5RETS ELEKTRO\/DANS<\/strong><\/p>\n<p>Cobrah \u2013 Samlad \u00e5rsproduktion<\/p>\n<p>HNNY \u2013 Close<\/p>\n<p>Killen. \u2013 Samlad \u00e5rsproduktion<\/p>\n<p>Prof. Stranger \u2013 Samlad \u00e5rsproduktion<\/p>\n<p>Stuzzi \u2013 The Driving Towards The Sunset Tapes I &amp; II<\/p>\n<p>\u00a0<\/p>\n<p><strong>\u00c5RETS FOLKMUSIK<\/strong><\/p>\n<p>BITOI \u2013 Sirkulu<\/p>\n<p>Egil Kalman \u2013 Nordafjells<\/p>\n<p>Lena Willemark &amp; Ale M\u00f6ller \u2013 NORDANKV\u00c4DEN<\/p>\n<p>Siri Karlsson &amp; Solo Dja Kabaco \u2013 Stockholm-Ouagadougou<\/p>\n<p>Teodor Wolgers \u2013 Episod i Vikens kapell<\/p>\n<p>\u00a0<\/p>\n<p><strong>\u00c5RETS HIPHOP<\/strong><\/p>\n<p>23 \u2013 F\u00f6rst\u00e5r om du inte f\u00f6rst\u00e5r<\/p>\n<p>ADAAM &amp; Greekazo \u2013 Nya Skolans Ledare<\/p>\n<p>Asme \u2013 The World Is Yours<\/p>\n<p>BIJI \u2013 Samlad \u00e5rsproduktion<\/p>\n<p>Jireel \u2013 YEMAYA II<\/p>\n<p>\u00a0<\/p>\n<p><strong>\u00c5RETS H\u00c5RDROCK\/METAL<\/strong><\/p>\n<p>Ghost \u2013 Skelet\u00e1<\/p>\n<p>Sabaton \u2013 Legends<\/p>\n<p>Sarcator \u2013 Swarming Angels &amp; Flies<\/p>\n<p>The Haunted \u2013 Songs Of Last Resort<\/p>\n<p>The Hellacopters \u2013 Overdriver<\/p>\n<p>\u00a0<\/p>\n<p><strong>\u00c5RETS JAZZ<\/strong><\/p>\n<p>Langendorf United \u2013 Undercover Beast<\/p>\n<p>Lisen Rylander L\u00f6ve \u2013 In Fields Of Time<\/p>\n<p>Oddjob \u2013 Atlas<\/p>\n<p>Sven Wunder \u2013 Daybreak<\/p>\n<p>Yttling Jazz \u2013 Illegal Hit<\/p>\n<p>\u00a0<\/p>\n<p><strong>\u00c5RETS KLASSISKA<\/strong><\/p>\n<p>Britta Bystr\u00f6m \u2013 Bystr\u00f6m: Ink-Wash on Paper<\/p>\n<p>Christian Karlsen &amp; London Philharmonic Orchestra \u2013 Galina Ustvolskaya: Symphonies Nos. 1\u20135<\/p>\n<p>Johan Dalene &amp; Swedish Radio Symphony Orchestra \u2013 Johan Dalene plays Mendelssohn, Bruch and Vaughan Williams<\/p>\n<p>Robert Kahn, Zilliacus Trio, Oliver Triendl \u2013 Kahn: Complete Piano Quartets &amp; Serenade for String Trio<\/p>\n<p>Radiok\u00f6ren &amp; Kaspars Putni\u0146\u0161 \u2013 \u2026a riveder le stelle<\/p>\n<p>\u00a0<\/p>\n<p><strong>\u00c5RETS KOMPOSIT\u00d6R<\/strong><\/p>\n<p>Anna von Hausswolff \u2013 ICONOCLASTS<\/p>\n<p>Elvira Anderfj\u00e4rd \u2013 Addison Rae \u2013 Addison<\/p>\n<p>Kerstin Ljungstr\u00f6m \u2013 Samlad \u00e5rsproduktion<\/p>\n<p>Ludwig G\u00f6ransson \u2013 Sinners<\/p>\n<p>Tobias Forge, Max Grahn, Vincent Pontare, Salem Al Fakir \u2013 Ghost \u2013 Skelet\u00e1<\/p>\n<p>\u00a0<\/p>\n<p><strong>\u00c5RETS L\u00c5T \u2013 PRESENTERAS I SAMARBETE MED STIM*<\/strong><\/p>\n<p>Bara Bada Bastu \u2013 Kaj<br \/>Text och musik: Anderz Wrethov, Axel \u00c5hman, Jakob Norrg\u00e5rd, Kevin Holmstr\u00f6m, Kristofer Strandberg, Robert Skowronski\u00a0<\/p>\n<p>Lys p\u00e5 mig \u2013 Victor Leksell<br \/>Text och musik: David Lindgren Zacharias, Jens Hult, Sebastian Atas, Victor Leksell<\/p>\n<p>On and On and On \u2013 Klara Hammarstr\u00f6m<br \/>Text och musik: Dino Medanhodzic, Peter Bostr\u00f6m, Jimmy Jansson, Klara Hammarstr\u00f6m, Moa Carlebecker, Thomas G:son<\/p>\n<p>Svagare \u00e4n jag \u2013 Ida-Lova<br \/>Text och musik: Ida-Lova Lind, Ivan Kinell, Joakim Buddee<\/p>\n<p>Tusen sp\u00e4nn \u2013 Tjuvjakt &amp; Fanny Avonne<br \/>Text och musik: Arvid Lundquist, Fanny Granstr\u00f6m, Fredrik Eriksson, Olle Grafstr\u00f6m, Olga Sundin, Kid Eriksson, Jesper Sw\u00e4rd, Isak Peter Vallberg<\/p>\n<p>*\u00c5rets l\u00e5t delas ut av Grammis i samarbete med Stim. Priset baseras p\u00e5 Stims och Ifpi Sveriges sammanv\u00e4gda data \u00f6ver de mest spelade l\u00e5tarna i riksradio P3 och P4, kommersiella radiostationer samt streamingtj\u00e4nster som \u00e4r aktiva i Sverige. B\u00e5de vinnande artist och l\u00e5tskrivare bel\u00f6nas med en statyett.<\/p>\n<p><strong>\u00c5RETS MUSIKVIDEO \u2013 PRESENTERAS I SAMARBETE MED YOUTUBE<\/strong><\/p>\n<p>Axel Byrfors \u2013 Boko Yout \u2013 9-2-5<\/p>\n<p>Daniel Bj\u00f6rkman \u2013 Viagra Boys \u2013 Man Made of Meat<\/p>\n<p>Gustav Lindh \u2013 Oskar Linnros \u2013 Konstig<\/p>\n<p>Maceo Frost &amp; Robin Nazari \u2013 BIJI \u2013 AHA<\/p>\n<p>Olof Dannert \u2013 Nektar \u2013 Den enda du har<\/p>\n<p>\u00a0<\/p>\n<p><strong>\u00c5RETS NYKOMLING \u2013 PRESENTERAS I SAMARBETE MED SPOTIFY<\/strong><\/p>\n<p>BIJI \u2013 Samlad \u00e5rsproduktion<\/p>\n<p>Fanny Avonne \u2013 Samlad \u00e5rsproduktion<\/p>\n<p>Ida-Lova \u2013 Samlad \u00e5rsproduktion<\/p>\n<p>Nektar \u2013 Om du beh\u00f6ver mig<\/p>\n<p>Valter Nilsson \u2013 Bland de gyllene och de allm\u00e4nt br\u00e4nda<\/p>\n<p>\u00a0<\/p>\n<p><strong>\u00c5RETS POP<\/strong><\/p>\n<p>Daniela Rathana \u2013 Where Strippers Go To Die<\/p>\n<p>Miriam Bryant \u2013 Okej att d\u00f6<\/p>\n<p>Molly Sand\u00e9n \u2013 Strawberry Blonde &amp; Bl\u00e5\u00f6gd<\/p>\n<p>Veronica Maggio \u2013 Sciura<\/p>\n<p>Zara Larsson \u2013 Midnight Sun<\/p>\n<p>\u00a0<\/p>\n<p><strong>\u00c5RETS PRODUCENT<\/strong><\/p>\n<p>Elvira Anderfj\u00e4rd<\/p>\n<p>Johan Lindstr\u00f6m<\/p>\n<p>MASAKA<\/p>\n<p>Pelle Gunnerfeldt<\/p>\n<p>Tobias Forge, Max Grahn, Vincent Pontare, Salem Al Fakir<\/p>\n<p>\u00a0<\/p>\n<p><strong>\u00c5RETS ROCK<\/strong><\/p>\n<p>Boko Yout \u2013 GUSTO<\/p>\n<p>Hurula \u2013 EXISTENS<\/p>\n<p>Nektar \u2013 Om du beh\u00f6ver mig<\/p>\n<p>The Hives \u2013 The Hives Forever Forever The Hives<\/p>\n<p>Viagra Boys \u2013 viagr aboys<\/p>\n<p>\u00a0<\/p>\n<p><strong>\u00c5RETS SOUL\/RNB<\/strong><\/p>\n<p>Bav\u00e9 \u2013 Acoustics &amp; Hood Psychedelia<\/p>\n<p>Cherrie \u2013 IFTIIN<\/p>\n<p>Christian Nanou \u2013 YAKO<\/p>\n<p>INOMI \u2013 Samlad \u00e5rsproduktion<\/p>\n<p>Yukimi \u2013 For You<\/p>\n<p>\u00a0<\/p>\n<p><strong>\u00c5RETS TEXTF\u00d6RFATTARE<\/strong><\/p>\n<p>Lisa Nilsson, Andreas Mattsson \u2013 Uteblivna vi<\/p>\n<p>Miriam Bryant \u2013 Okej att d\u00f6<\/p>\n<p>Robert Hurula \u2013 EXISTENS<\/p>\n<p>Sebastian Murphy \u2013 Viagra Boys \u2013 viagr aboys<\/p>\n<p>Tobias Forge, Max Grahn, Vincent Pontare, Salem Al Fakir \u2013 Ghost \u2013 Skelet\u00e1<\/p>\n<p>\u00a0<\/p>\n<p><strong>\u00c5RETS VISA\/SINGER-SONGWRITER<\/strong><\/p>\n<p>Albin Lee Meldau &amp; Arvid Nero \u2013 Min v\u00e4n och jag<\/p>\n<p>Christian Kjellvander \u2013 Ex Voto \/ The Silent Love<\/p>\n<p>Lisa Nilsson \u2013 Uteblivna vi<\/p>\n<p>Peder Stenberg \u2013 Mjuk extas<\/p>\n<p>Sofia Karlsson \u2013 En s\u00e5ng till Selma<\/p>\n<p class=\"byline\">Tanja Ulriksson\u00a0<br \/><a class=\"internal-link\" target=\"_self\" href=\"https:\/\/www.sverigesradio.se\/artikel\/mailto:tanja.ulriksson@sverigesradio.se\" rel=\"nofollow noopener\">tanja.ulriksson@sverigesradio.se<\/a><\/p>\n<p class=\"byline\">Ellen Cavallin\u00a0<br \/><a class=\"internal-link\" target=\"_self\" href=\"https:\/\/www.sverigesradio.se\/artikel\/mailto:ellen.cavallin@sverigesradio.se\" rel=\"nofollow noopener\">ellen.cavallin@sverigesradio.se<\/a><\/p>\n","protected":false},"excerpt":{"rendered":"Nominerade till Grammis 2026 \u00c5RETS ALBUM Anna von Hausswolff \u2013 ICONOCLASTS Ghost \u2013 Skelet\u00e1 Lisa Nilsson \u2013 Uteblivna&hellip;\n","protected":false},"author":2,"featured_media":173916,"comment_status":"","ping_status":"","sticky":false,"template":"","format":"standard","meta":{"footnotes":"","_share_on_mastodon":"0"},"categories":[5],"tags":[900,22,23,904,26,27,903,17,21,902,194,898,899,24,25,787,28,29,15,16,171,901,18,34,31,33,32,30,905,19,20],"class_list":["post-173915","post","type-post","status-publish","format-standard","has-post-thumbnail","category-rubriker","tag-bcker","tag-breaking-news","tag-breakingnews","tag-dans","tag-featured-news","tag-featurednews","tag-film","tag-headlines","tag-huvudnyheter","tag-konst","tag-kultur","tag-kulturnyheter","tag-kulturnytt","tag-latest-news","tag-latestnews","tag-lyssna","tag-main-news","tag-mainnews","tag-news","tag-nyheter","tag-radio","tag-recensioner","tag-rubriker","tag-se","tag-svenska","tag-sverige","tag-sweden","tag-swedish","tag-teater","tag-top-stories","tag-topstories"],"share_on_mastodon":{"url":"https:\/\/pubeurope.com\/@se\/116124690959920068","error":""},"_links":{"self":[{"href":"https:\/\/www.europesays.com\/se\/wp-json\/wp\/v2\/posts\/173915","targetHints":{"allow":["GET"]}}],"collection":[{"href":"https:\/\/www.europesays.com\/se\/wp-json\/wp\/v2\/posts"}],"about":[{"href":"https:\/\/www.europesays.com\/se\/wp-json\/wp\/v2\/types\/post"}],"author":[{"embeddable":true,"href":"https:\/\/www.europesays.com\/se\/wp-json\/wp\/v2\/users\/2"}],"replies":[{"embeddable":true,"href":"https:\/\/www.europesays.com\/se\/wp-json\/wp\/v2\/comments?post=173915"}],"version-history":[{"count":0,"href":"https:\/\/www.europesays.com\/se\/wp-json\/wp\/v2\/posts\/173915\/revisions"}],"wp:featuredmedia":[{"embeddable":true,"href":"https:\/\/www.europesays.com\/se\/wp-json\/wp\/v2\/media\/173916"}],"wp:attachment":[{"href":"https:\/\/www.europesays.com\/se\/wp-json\/wp\/v2\/media?parent=173915"}],"wp:term":[{"taxonomy":"category","embeddable":true,"href":"https:\/\/www.europesays.com\/se\/wp-json\/wp\/v2\/categories?post=173915"},{"taxonomy":"post_tag","embeddable":true,"href":"https:\/\/www.europesays.com\/se\/wp-json\/wp\/v2\/tags?post=173915"}],"curies":[{"name":"wp","href":"https:\/\/api.w.org\/{rel}","templated":true}]}}