{"id":17395,"date":"2025-08-30T10:11:10","date_gmt":"2025-08-30T10:11:10","guid":{"rendered":"https:\/\/www.europesays.com\/se\/17395\/"},"modified":"2025-08-30T10:11:10","modified_gmt":"2025-08-30T10:11:10","slug":"ryska-utspelet-om-sverige-nhl-slar-tillbaka-nhl","status":"publish","type":"post","link":"https:\/\/www.europesays.com\/se\/17395\/","title":{"rendered":"Ryska utspelet om Sverige \u2013 NHL sl\u00e5r tillbaka | NHL"},"content":{"rendered":"<p>Publicerad 30 aug 2025 kl 09.02Uppdaterad kl 11.16<\/p>\n<p>Sverige var ett av fyra lag som deltog i Four Nations-turneringen i februari i \u00e5r.<\/p>\n<p>Men fr\u00e5n ryskt h\u00e5ll kommer nu anklagelser om att Sverige ihop med Finland skulle hotat med att bojkotta turneringen.<\/p>\n<p>\u2013 Det st\u00e4mmer inte, s\u00e4ger NHL-toppen Bill Daly.<\/p>\n<p>Tio \u00e5r p\u00e5 posten \u2013 Anders Larsson klar f\u00f6r ytterligare tv\u00e5<img loading=\"lazy\"   alt=\"\"\/><\/p>\n<p>Vyacheslav Fetisov, rysk ishockeyikon.<\/p>\n<p>Foto: AXEL \u00d6BERG<\/p>\n<p>\u00d6ppna bild i helsk\u00e4rm<img loading=\"lazy\"   alt=\"\"\/><\/p>\n<p>B\u00e5de Sverige och Finland spelade Four Nations med sina toppspelare.<\/p>\n<p>Foto: JOEL MARKLUND \/ BILDBYR\u00c5N<\/p>\n<p>\u00d6ppna bild i helsk\u00e4rm<img loading=\"lazy\"   alt=\"\"\/><\/p>\n<p>Bill Daly, NHL:s deputy commissioner.<\/p>\n<p>Foto: LUCAS PELTIER \/ BILDBYR\u00c5N<\/p>\n<p>\u00d6ppna bild i helsk\u00e4rm<\/p>\n<p>Four Nations-turneringen i februari avgjordes mellan Kanada, USA, Sverige och Finland.<\/p>\n<p>Men det verkar fortsatt vara en tagg i sidan att <a href=\"https:\/\/www.expressen.se\/tagg\/location\/ryssland\/\" class=\"\" rel=\"nofollow noopener\" target=\"_blank\">Ryssland<\/a>, som st\u00e4ngts av fr\u00e5n all internationell ishockey till f\u00f6ljd av landets invasion av Ukraina, inte fick delta.<\/p>\n<p>Uppgifter fr\u00e5n insidern Frank Seravalli att Sverige och Finlandi f\u00f6rsta hand motsatt sig att g\u00f6ra det till en femnationsturnering med Ryssland inkluderat.<\/p>\n<p>N\u00e5got som NHL-toppen Bill Daly sl\u00e5r tillbaka mot enligt den ryska statliga nyhetsbyr\u00e5n <a href=\"https:\/\/rsport.ria.ru\/20250828\/nkhl-2038123966.html\" rel=\"nofollow noopener\" target=\"_blank\">Ria Novosti<\/a>.<\/p>\n<p>\u2013 Det st\u00e4mmer inte. Det fanns inget ultimatum. Alla deltagande lag var \u00f6verens om att det ryska laget inte borde delta i Four Nations-turneringen, s\u00e4ger han.<\/p>\n<p>Men uppgifterna, har trots det, r\u00f6rt upp k\u00e4nslor i Ryssland. Trots att det g\u00e5tt mer \u00e4n ett halv\u00e5r sedan turneringen spelades.<\/p>\n<p>\u2013 De \u00e4r r\u00e4dda f\u00f6r att m\u00f6ta det ryska landslaget, s\u00e4ger den tv\u00e5faldige olympiske m\u00e4staren Boris Mikhailov.<\/p>\n<p>Ryssland pekar ut Sverige<\/p>\n<p>\u00c4ven Vyacheslav Fetisov (med sju VM-guld, tv\u00e5 OS-guld och tv\u00e5 Stanley Cup-titlar p\u00e5 meritlistan) som gjort karri\u00e4r som politiker i Ryssland reagerar.<\/p>\n<p>\u2013 Det \u00e4r m\u00e4rkligt att de \u00e4ndrar reglerna. I NHL kan v\u00e5ra killar vara med, d\u00e4r \u00e4r de stj\u00e4rnor. Innan det h\u00e4r har NHL i alla fall lyckats ta beslut som inte \u00e4r politiska, s\u00e4ger han.<\/p>\n<p>Men de finns de som \u00e4r \u00e4nnu h\u00e5rdare.\u00a0<\/p>\n<p>Vice ordf\u00f6randen f\u00f6r kultur- och idrottsutskottet vid den ryska statsduman, Dimitrij Svishchev, pekar ut Sverige och menar att de hotat bojkotta turneringen.<\/p>\n<p>\u2013 Om Sverige och Finland sagt att de inte skulle delta om Ryssland bjudits in \u00e4r de bedragare. V\u00e5ra lag har alltid och kommer alltid krossa svenskarna och finl\u00e4ndarna, med f\u00e5 undantag. Det handlar inte bara om politik utan \u00e4ven f\u00f6r den sportsliga r\u00e4dslan att f\u00f6rlora. Men bojkott och hot \u00e4r utpressning. Det \u00e4r f\u00f6rbjudet inom sport och s\u00e5dana handlingar borde bestraffas. Det internationella ishockeyf\u00f6rbundet m\u00e5ste reagera p\u00e5 detta.<\/p>\n<p>Men n\u00e5got s\u00e5dant ultimatum eller hot om bojkott ska allts\u00e5 inte ha funnits, enligt Bill Daly.<\/p>\n<p>\u2013 Med tanke p\u00e5 omst\u00e4ndigheterna, IOK:s och IIHF:s st\u00e5ndpunkter \u00e4r det inte l\u00e4ge att inkludera det ryska landslaget, sade Daly ett \u00e5r innan turneringen.<\/p>\n","protected":false},"excerpt":{"rendered":"Publicerad 30 aug 2025 kl 09.02Uppdaterad kl 11.16 Sverige var ett av fyra lag som deltog i Four&hellip;\n","protected":false},"author":2,"featured_media":17396,"comment_status":"","ping_status":"","sticky":false,"template":"","format":"standard","meta":{"footnotes":""},"categories":[68],"tags":[274,421,1169,34,255,256,111,110,31,33,32,30],"class_list":{"0":"post-17395","1":"post","2":"type-post","3":"status-publish","4":"format-standard","5":"has-post-thumbnail","7":"category-sport","8":"tag-location-ryssland","9":"tag-organization-nhl","10":"tag-organization-tre-kronor","11":"tag-se","12":"tag-sections-ishockey","13":"tag-sections-nhl","14":"tag-sport","15":"tag-sports","16":"tag-svenska","17":"tag-sverige","18":"tag-sweden","19":"tag-swedish"},"share_on_mastodon":{"url":"","error":""},"_links":{"self":[{"href":"https:\/\/www.europesays.com\/se\/wp-json\/wp\/v2\/posts\/17395","targetHints":{"allow":["GET"]}}],"collection":[{"href":"https:\/\/www.europesays.com\/se\/wp-json\/wp\/v2\/posts"}],"about":[{"href":"https:\/\/www.europesays.com\/se\/wp-json\/wp\/v2\/types\/post"}],"author":[{"embeddable":true,"href":"https:\/\/www.europesays.com\/se\/wp-json\/wp\/v2\/users\/2"}],"replies":[{"embeddable":true,"href":"https:\/\/www.europesays.com\/se\/wp-json\/wp\/v2\/comments?post=17395"}],"version-history":[{"count":0,"href":"https:\/\/www.europesays.com\/se\/wp-json\/wp\/v2\/posts\/17395\/revisions"}],"wp:featuredmedia":[{"embeddable":true,"href":"https:\/\/www.europesays.com\/se\/wp-json\/wp\/v2\/media\/17396"}],"wp:attachment":[{"href":"https:\/\/www.europesays.com\/se\/wp-json\/wp\/v2\/media?parent=17395"}],"wp:term":[{"taxonomy":"category","embeddable":true,"href":"https:\/\/www.europesays.com\/se\/wp-json\/wp\/v2\/categories?post=17395"},{"taxonomy":"post_tag","embeddable":true,"href":"https:\/\/www.europesays.com\/se\/wp-json\/wp\/v2\/tags?post=17395"}],"curies":[{"name":"wp","href":"https:\/\/api.w.org\/{rel}","templated":true}]}}