{"id":17442,"date":"2025-08-30T12:12:09","date_gmt":"2025-08-30T12:12:09","guid":{"rendered":"https:\/\/www.europesays.com\/se\/17442\/"},"modified":"2025-08-30T12:12:09","modified_gmt":"2025-08-30T12:12:09","slug":"klipp-fran-us-open-vacker-avsky-mannen-hatas-over-varlden","status":"publish","type":"post","link":"https:\/\/www.europesays.com\/se\/17442\/","title":{"rendered":"Klipp fr\u00e5n US Open v\u00e4cker avsky \u2013 mannen hatas \u00f6ver v\u00e4rlden"},"content":{"rendered":"<p>Publicerad 30 aug 2025 kl 11.08Uppdaterad kl 12.53<\/p>\n<p>Kamil Majchrzaks g\u00e5va rycktes ifr\u00e5n pojken \u2013 av en vuxen man.\u00a0<\/p>\n<p>Klippet sprids nu och mannen m\u00f6ts av kritik.\u00a0<\/p>\n<p>Men pojken har gottgjorts, f\u00f6rklarar Majchrzak i sociala medier.\u00a0<\/p>\n<p><img   alt=\"\"\/> <\/p>\n<p>Foto: X<\/p>\n<p>\u00d6ppna bild i helsk\u00e4rm<img loading=\"lazy\"   alt=\"\"\/> <\/p>\n<p>Foto: X<\/p>\n<p>\u00d6ppna bild i helsk\u00e4rm<\/p>\n<p>Kamil Majchrzak stod f\u00f6r en skr\u00e4ll i <a href=\"https:\/\/www.expressen.se\/tagg\/organization\/us-open\/\" class=\"\" rel=\"nofollow noopener\" target=\"_blank\">US Open<\/a>. Den 76-rankade polacken besegrade ryssen Karen Chatjanov, rankad nia i v\u00e4rlden, i den andra rundan.\u00a0<\/p>\n<p>Men eftersnacket handlade inte om triumfen \u2013 utan om ett klipp p\u00e5 en liten pojke p\u00e5 l\u00e4ktaren.\u00a0<\/p>\n<p>N\u00e4r Majchrzak gav autografer efter matchen ville pojken f\u00e5 sin boll signerad. I vimlet av autografj\u00e4gare r\u00e4ckte Majchrzak upp sin keps till pojken.\u00a0<\/p>\n<p>Men pojken hann aldrig ta tag i kepsen f\u00f6r att en vuxen man grabbade \u00e5t sig den, utan att Majchrzak m\u00e4rkte det.\u00a0<\/p>\n<p><img loading=\"lazy\"   alt=\"\"\/> <\/p>\n<p>Foto: X<\/p>\n<p>\u00d6ppna bild i helsk\u00e4rm<\/p>\n<p>\u201dVilket of\u00f6rsk\u00e4mt beteende av en supporter. Han tog en g\u00e5va framf\u00f6r n\u00e4san p\u00e5 ett barn\u201d, skriver den polska nyhetssajten Sport.pl.\u00a0<\/p>\n<p>I videoklippet, som har miljontals tittare i sociala medier, syns pojken v\u00e4dja till b\u00e5de den vuxne, ok\u00e4nde mannen och Majchrzak. Han f\u00e5r inget geh\u00f6r.\u00a0<\/p>\n<p><img loading=\"lazy\"   alt=\"\"\/> <\/p>\n<p>Foto: X<\/p>\n<p>\u00d6ppna bild i helsk\u00e4rm<\/p>\n<p>Men Majchrzak reparerade skadan med hj\u00e4lp av internet.\u00a0<\/p>\n<p>\u201dEfter matchen s\u00e5 noterade jag inte att min keps inte hamnade hos pojken. Kan n\u00e5gon hj\u00e4lpa mig att hitta pojken?\u201d, skrev han p\u00e5 Instagram och f\u00f6rklarade att han har kepsar s\u00e5 att det r\u00e4cker och blir \u00f6ver.\u00a0<\/p>\n<p>N\u00e5gra timmar senare ber\u00e4ttade han att allt var \u00e5tg\u00e4rdat, att han hade f\u00e5tt tag i pojken.\u00a0<\/p>\n","protected":false},"excerpt":{"rendered":"Publicerad 30 aug 2025 kl 11.08Uppdaterad kl 12.53 Kamil Majchrzaks g\u00e5va rycktes ifr\u00e5n pojken \u2013 av en vuxen&hellip;\n","protected":false},"author":2,"featured_media":17443,"comment_status":"","ping_status":"","sticky":false,"template":"","format":"standard","meta":{"footnotes":""},"categories":[5],"tags":[22,23,26,27,17,21,24,25,28,29,15,16,1770,18,34,307,31,33,32,30,19,20],"class_list":{"0":"post-17442","1":"post","2":"type-post","3":"status-publish","4":"format-standard","5":"has-post-thumbnail","7":"category-rubriker","8":"tag-breaking-news","9":"tag-breakingnews","10":"tag-featured-news","11":"tag-featurednews","12":"tag-headlines","13":"tag-huvudnyheter","14":"tag-latest-news","15":"tag-latestnews","16":"tag-main-news","17":"tag-mainnews","18":"tag-news","19":"tag-nyheter","20":"tag-organization-us-open","21":"tag-rubriker","22":"tag-se","23":"tag-sections-tennis","24":"tag-svenska","25":"tag-sverige","26":"tag-sweden","27":"tag-swedish","28":"tag-top-stories","29":"tag-topstories"},"share_on_mastodon":{"url":"","error":""},"_links":{"self":[{"href":"https:\/\/www.europesays.com\/se\/wp-json\/wp\/v2\/posts\/17442","targetHints":{"allow":["GET"]}}],"collection":[{"href":"https:\/\/www.europesays.com\/se\/wp-json\/wp\/v2\/posts"}],"about":[{"href":"https:\/\/www.europesays.com\/se\/wp-json\/wp\/v2\/types\/post"}],"author":[{"embeddable":true,"href":"https:\/\/www.europesays.com\/se\/wp-json\/wp\/v2\/users\/2"}],"replies":[{"embeddable":true,"href":"https:\/\/www.europesays.com\/se\/wp-json\/wp\/v2\/comments?post=17442"}],"version-history":[{"count":0,"href":"https:\/\/www.europesays.com\/se\/wp-json\/wp\/v2\/posts\/17442\/revisions"}],"wp:featuredmedia":[{"embeddable":true,"href":"https:\/\/www.europesays.com\/se\/wp-json\/wp\/v2\/media\/17443"}],"wp:attachment":[{"href":"https:\/\/www.europesays.com\/se\/wp-json\/wp\/v2\/media?parent=17442"}],"wp:term":[{"taxonomy":"category","embeddable":true,"href":"https:\/\/www.europesays.com\/se\/wp-json\/wp\/v2\/categories?post=17442"},{"taxonomy":"post_tag","embeddable":true,"href":"https:\/\/www.europesays.com\/se\/wp-json\/wp\/v2\/tags?post=17442"}],"curies":[{"name":"wp","href":"https:\/\/api.w.org\/{rel}","templated":true}]}}