{"id":174766,"date":"2026-02-25T06:25:10","date_gmt":"2026-02-25T06:25:10","guid":{"rendered":"https:\/\/www.europesays.com\/se\/174766\/"},"modified":"2026-02-25T06:25:10","modified_gmt":"2026-02-25T06:25:10","slug":"kronan-forstarks-historisk-vinstmaskin-for-stockholmsborsen","status":"publish","type":"post","link":"https:\/\/www.europesays.com\/se\/174766\/","title":{"rendered":"Kronan f\u00f6rst\u00e4rks: Historisk vinstmaskin f\u00f6r Stockholmsb\u00f6rsen"},"content":{"rendered":"<p>Sedan h\u00f6sten 2023 har kronan st\u00e4rks med 20 procent mot dollarn och 9 procent mot euron.\u00a0<\/p>\n<p>De internationella j\u00e4ttarna p\u00e5 Stockholmsb\u00f6rsen har tagit sm\u00e4llen: resultateffekten landar p\u00e5 minus 12 miljarder kronor under de senaste kvartalen. \u00c4nd\u00e5 finns det sk\u00e4l att vara lugn,<a href=\"http:\/\/di.se\/analys\/darfor-ska-smasparare-trotsa-valutasmallen\/\" rel=\"nofollow noopener\" target=\"_blank\"> skriver DI<\/a>.<\/p>\n<p><strong>MISSA INTE: <\/strong><a href=\"http:\/\/news55.se\/samhalle\/vinst-for-storbankerna-men-kostar-bolanetagarna-skjortan\/\" rel=\"nofollow noopener\" target=\"_blank\">Vinst f\u00f6r storbankerna \u2013 men kostar bol\u00e5netagarna skjortan\u00a0<\/a><\/p>\n<p>B\u00e4ttre avkastning n\u00e4r kronan st\u00e4rks<\/p>\n<p>Sedan juli 1993 finns sex tydliga perioder d\u00e5 kronan st\u00e4rkts p\u00e5 ett \u00e5rs sikt, och fem d\u00e5 den f\u00f6rsvagats. M\u00f6nstret \u00e4r sl\u00e5ende.\u00a0<\/p>\n<p>N\u00e4r kronan har blivit starkare har Stockholmsb\u00f6rsens OMXSPI-index i genomsnitt stigit med 13 procent. N\u00e4r kronan f\u00f6rsvagats? Bara 6 procent.<\/p>\n<p>Skillnaden blir \u00e4nnu tydligare i j\u00e4mf\u00f6relse med globala aktier. Under samtliga sex perioder med starkare krona har Stockholmsb\u00f6rsen slagit v\u00e4rldsindex med i snitt 8 procentenheter. N\u00e4r kronan tappat har svenska aktier i st\u00e4llet underpresterat med 6 procentenheter.<\/p>\n<p>F\u00f6rklaringen \u00e4r egentligen ganska enkel. B\u00e5de kronan och den cykliska Stockholmsb\u00f6rsen med sina tunga verkstadsbolag trivs b\u00e4st n\u00e4r konjunkturoptimismen stiger och investerare v\u00e4rlden \u00f6ver v\u00e5gar ta mer risk. I kristider faller d\u00e4remot b\u00e5de valutan och b\u00f6rsen,<a href=\"https:\/\/global.morningstar.com\/sv\/ekonomi\/kronfrstrkningen-2026-drivkrafter-risker-och-effekt-fr-fondsparare\" rel=\"nofollow noopener\" target=\"_blank\"> enligt Morningstar<\/a>.<\/p>\n<p><strong>MISSA INTE: <\/strong><a href=\"http:\/\/news55.se\/halsa\/viruset-kan-spridas-till-norra-europa-forskare-varnar\/\" rel=\"nofollow noopener\" target=\"_blank\">Viruset kan spridas till norra Europa \u2013 forskare varnar<\/a><\/p>\n","protected":false},"excerpt":{"rendered":"Sedan h\u00f6sten 2023 har kronan st\u00e4rks med 20 procent mot dollarn och 9 procent mot euron.\u00a0 De internationella&hellip;\n","protected":false},"author":2,"featured_media":174767,"comment_status":"","ping_status":"","sticky":false,"template":"","format":"standard","meta":{"footnotes":"","_share_on_mastodon":"0"},"categories":[65],"tags":[72,70,71,4500,349,1683,34,6055,6056,31,33,32,30,5235],"class_list":["post-174766","post","type-post","status-publish","format-standard","has-post-thumbnail","category-ekonomi","tag-business","tag-economy","tag-ekonomi","tag-pengar","tag-privatekonomi","tag-samhalle","tag-se","tag-spara","tag-spara-och-placera","tag-svenska","tag-sverige","tag-sweden","tag-swedish","tag-tips"],"share_on_mastodon":{"url":"https:\/\/pubeurope.com\/@se\/116129845944145031","error":""},"_links":{"self":[{"href":"https:\/\/www.europesays.com\/se\/wp-json\/wp\/v2\/posts\/174766","targetHints":{"allow":["GET"]}}],"collection":[{"href":"https:\/\/www.europesays.com\/se\/wp-json\/wp\/v2\/posts"}],"about":[{"href":"https:\/\/www.europesays.com\/se\/wp-json\/wp\/v2\/types\/post"}],"author":[{"embeddable":true,"href":"https:\/\/www.europesays.com\/se\/wp-json\/wp\/v2\/users\/2"}],"replies":[{"embeddable":true,"href":"https:\/\/www.europesays.com\/se\/wp-json\/wp\/v2\/comments?post=174766"}],"version-history":[{"count":0,"href":"https:\/\/www.europesays.com\/se\/wp-json\/wp\/v2\/posts\/174766\/revisions"}],"wp:featuredmedia":[{"embeddable":true,"href":"https:\/\/www.europesays.com\/se\/wp-json\/wp\/v2\/media\/174767"}],"wp:attachment":[{"href":"https:\/\/www.europesays.com\/se\/wp-json\/wp\/v2\/media?parent=174766"}],"wp:term":[{"taxonomy":"category","embeddable":true,"href":"https:\/\/www.europesays.com\/se\/wp-json\/wp\/v2\/categories?post=174766"},{"taxonomy":"post_tag","embeddable":true,"href":"https:\/\/www.europesays.com\/se\/wp-json\/wp\/v2\/tags?post=174766"}],"curies":[{"name":"wp","href":"https:\/\/api.w.org\/{rel}","templated":true}]}}