{"id":17572,"date":"2025-08-30T16:26:18","date_gmt":"2025-08-30T16:26:18","guid":{"rendered":"https:\/\/www.europesays.com\/se\/17572\/"},"modified":"2025-08-30T16:26:18","modified_gmt":"2025-08-30T16:26:18","slug":"tillvaxt-nu-och-muskelkraft-sen-det-hoppas-experterna-pa-i-budgeten-omni","status":"publish","type":"post","link":"https:\/\/www.europesays.com\/se\/17572\/","title":{"rendered":"Tillv\u00e4xt nu och muskelkraft sen \u2013 det hoppas experterna p\u00e5 i budgeten &#8211; Omni"},"content":{"rendered":"<ol>\n<li><a href=\"https:\/\/news.google.com\/rss\/articles\/CBMilwFBVV95cUxQYzVGa19nYVhFOG1GaTRadUEtUXVEbVVCVmpTSWJFaVZONVlFaEltaFEzQ1k0Q3pJaGZhc0ZZSGMxNWxMWEtOekFkMkNWWW43SU5DeWRRZkVPS2ZDZ3pmRzR0c3JFd0dKWXBxcWhnR0VfcllLTXVQYkFXaHBtOWVWUktQdE9McmpTVEk4emZ2MWFpYWJLNDFF?oc=5\" target=\"_blank\" rel=\"nofollow noopener\">Tillv\u00e4xt nu och muskelkraft sen \u2013 det hoppas experterna p\u00e5 i budgeten<\/a>&nbsp;&nbsp;Omni<\/li>\n<li><a href=\"https:\/\/news.google.com\/rss\/articles\/CBMiowFBVV95cUxNUTdEejhxRno5NVpRLXl5dWQ2UHRNZkFPbzJ1OHQ3Q3VQSDNIZVozQlQ5ZWxGaTZzOS0zXzczckZNMjQzQmtiOWxTRHZuR1NEQjFVWWJoYWpWR3M1TmhyaklSWlZrY1lmTmRYUEp4QkY3OE9xcGY4STZvUEpCTWVRa1QtY3BNeHVjT2tIZ01OY3U5UTR6aTVFc3RhbEFtSjJpdWNB?oc=5\" target=\"_blank\" rel=\"nofollow noopener\">Kraschen \u00e4r officiell \u2013 kommer insikten f\u00f6r sent?<\/a>&nbsp;&nbsp;Aftonbladet<\/li>\n<li><a href=\"https:\/\/news.google.com\/rss\/articles\/CBMikAFBVV95cUxNZWhwOGFEQmRZdjU0aXBFa3hBSXIzZEJHQm9uVElLMFVZVjZHYjRzODlrNG4yRldleEtSS1JQU3NwcTJ6QnFEMHBuNDR4REQ1aFhjV1lJVEI1a19rRmxPb2lYNDR3ekFUdnA1aGFRUFpqTmhleVlhVFdRWFdLeG5PVHpOck5iQnRhZF9Wcl9PRHA?oc=5\" target=\"_blank\" rel=\"nofollow noopener\">Damberg (S): Verkar som om regeringen tappat kontrollen<\/a>&nbsp;&nbsp;SVT Nyheter<\/li>\n<li><a href=\"https:\/\/news.google.com\/rss\/articles\/CBMigwFBVV95cUxNTzlVdXpGMjVaRWhyb3pGeXYybVdWMTRkVnRTa2tjWTdHZ2U3Q3F5M2tQWWs0SHNZRlFCczVQY0dXR0h3TmtnOEloU1p5NmthYnhtZXIxV0t1Ym9KNmVLZUFfektCaDNoc2NxbWhZMzVrWThYZmt5R1cwLXo3OW1yc1loQQ?oc=5\" target=\"_blank\" rel=\"nofollow noopener\">Rekordstort reformutrymme i regeringens h\u00f6stbudget<\/a>&nbsp;&nbsp;DN<\/li>\n<li><a href=\"https:\/\/news.google.com\/rss\/articles\/CBMixAFBVV95cUxPR3cxMUZqRkhpVXZMQnNvUm5WQUNWVExfX05ONk8zYnZVZFJpal9CLXJSZVNPUjFORzc5STREYjVzaTRkOEpoNDFvMU1WLXgwOWJlWXZLbTlOM19yWXFZMUVjMHVqNmdiLVFRTUZJcnJneTJSWVFkLXNueWo2eExKT3NNd1dScjlaaGtiOG5pZ1hYT0dKTGVmb2hISm5zRHVyWWpRclAwV2lKQ2NwWEFuTmlRX29pSnlHTjQ1MVphZ1c5alZv?oc=5\" target=\"_blank\" rel=\"nofollow noopener\">Viktigt med satsningar som st\u00e4rker tillv\u00e4xten l\u00e5ngsiktigt<\/a>&nbsp;&nbsp;Via TT<\/li>\n<\/ol>\n","protected":false},"excerpt":{"rendered":"Tillv\u00e4xt nu och muskelkraft sen \u2013 det hoppas experterna p\u00e5 i budgeten&nbsp;&nbsp;Omni Kraschen \u00e4r officiell \u2013 kommer insikten&hellip;\n","protected":false},"author":2,"featured_media":17573,"comment_status":"","ping_status":"","sticky":false,"template":"","format":"standard","meta":{"footnotes":""},"categories":[12],"tags":[2193,22,23,26,27,17,21,24,25,28,29,15,16,2192,18,34,31,33,32,30,19,20],"class_list":{"0":"post-17572","1":"post","2":"type-post","3":"status-publish","4":"format-standard","5":"has-post-thumbnail","7":"category-sverige","8":"tag-omni-mer","9":"tag-breaking-news","10":"tag-breakingnews","11":"tag-featured-news","12":"tag-featurednews","13":"tag-headlines","14":"tag-huvudnyheter","15":"tag-latest-news","16":"tag-latestnews","17":"tag-main-news","18":"tag-mainnews","19":"tag-news","20":"tag-nyheter","21":"tag-omni-mer-aktuell-fordjupning","22":"tag-rubriker","23":"tag-se","24":"tag-svenska","25":"tag-sverige","26":"tag-sweden","27":"tag-swedish","28":"tag-top-stories","29":"tag-topstories"},"share_on_mastodon":{"url":"","error":""},"_links":{"self":[{"href":"https:\/\/www.europesays.com\/se\/wp-json\/wp\/v2\/posts\/17572","targetHints":{"allow":["GET"]}}],"collection":[{"href":"https:\/\/www.europesays.com\/se\/wp-json\/wp\/v2\/posts"}],"about":[{"href":"https:\/\/www.europesays.com\/se\/wp-json\/wp\/v2\/types\/post"}],"author":[{"embeddable":true,"href":"https:\/\/www.europesays.com\/se\/wp-json\/wp\/v2\/users\/2"}],"replies":[{"embeddable":true,"href":"https:\/\/www.europesays.com\/se\/wp-json\/wp\/v2\/comments?post=17572"}],"version-history":[{"count":0,"href":"https:\/\/www.europesays.com\/se\/wp-json\/wp\/v2\/posts\/17572\/revisions"}],"wp:featuredmedia":[{"embeddable":true,"href":"https:\/\/www.europesays.com\/se\/wp-json\/wp\/v2\/media\/17573"}],"wp:attachment":[{"href":"https:\/\/www.europesays.com\/se\/wp-json\/wp\/v2\/media?parent=17572"}],"wp:term":[{"taxonomy":"category","embeddable":true,"href":"https:\/\/www.europesays.com\/se\/wp-json\/wp\/v2\/categories?post=17572"},{"taxonomy":"post_tag","embeddable":true,"href":"https:\/\/www.europesays.com\/se\/wp-json\/wp\/v2\/tags?post=17572"}],"curies":[{"name":"wp","href":"https:\/\/api.w.org\/{rel}","templated":true}]}}