{"id":176639,"date":"2026-02-27T07:09:19","date_gmt":"2026-02-27T07:09:19","guid":{"rendered":"https:\/\/www.europesays.com\/se\/176639\/"},"modified":"2026-02-27T07:09:19","modified_gmt":"2026-02-27T07:09:19","slug":"kokainberoende-porrsurfande-och-stalkerbeteende-i-nya-doktor-glas-kulturnytt","status":"publish","type":"post","link":"https:\/\/www.europesays.com\/se\/176639\/","title":{"rendered":"Kokainberoende, porrsurfande och stalkerbeteende i nya \u201dDoktor Glas\u201d &#8211; Kulturnytt"},"content":{"rendered":"<p><strong>Titel:<\/strong> Doktor Glas<br \/><strong>Regi:<\/strong> Erik Leijonborg<br \/><strong>Manus:<\/strong> Isac Calmroth och Erik Leijonborg<br \/><strong>Sk\u00e5despelare:<\/strong> Isac Calmroth, Christian Fandango, Thea Sofie Loch N\u00e6ss m.fl.<br \/><strong>Betyg:<\/strong> 3 av 5<br \/><strong>G\u00e5r att se:<\/strong> P\u00e5 bio<\/p>\n<p><strong>Mitt i l\u00e4skrisen plockar<\/strong> sk\u00e5despelaren Isac Calmroth, f\u00f6dd 1998, fram sitt gamla exemplar av Doktor Glas ur bokhyllan. Nu ska det bli film f\u00f6r en ny generation. Den livsbesvikna grubblaren Gabriel Glas ska hottas upp. Han placeras med l\u00e4karrocken i en fl\u00e5dig privatpraktik f\u00f6r \u00f6verklassen.<\/p>\n<p>Hans hatobjekt nummer ett: Patrik Gregorius, den gamla osk\u00f6na pastorn, \u00e4r i den h\u00e4r versionen ett slags Bj\u00f6rn Ranelid f\u00f6r unga. Han spelas av en bildsk\u00f6n och kokainberoende Christian Fandango och bor h\u00f6gst upp i en spektakul\u00e4r v\u00e5ning vid Mariatorget, med sitt modeorakel till fru, Helga.<\/p>\n<p>Den h\u00e4r nyfilmatiseringen av Doktor Glas har redan f\u00e5tt fullt med sp\u00f6. Jag tycker att f\u00f6rvandlingen av den depressive doktorn fungerar helt okej, vi har ett samh\u00e4lle fullt av ensamma och sexuellt f\u00f6rvirrade unga m\u00e4n. Jag tolkar Isac Calmroths gestaltning av Doktor Glas kvinnoskr\u00e4ck och porrsurfande och stalkerbeteende som en helt rimlig modernisering. Hatet mot den virile tjejmagneten Gregorius \u00e4r ocks\u00e5 begripligt.<\/p>\n<p>Den uppdatering jag har sv\u00e5rast f\u00f6r \u00e4r Helga, den olyckliga f\u00f6r\u00e4lskelsen i henne griper aldrig tag i mig. Men precis som i de f\u00e4rgmaxade filmerna \u201dWuthering Heights\u201d, \u201dSaltburn\u201d och \u201dBarbie\u201d tolkar jag \u00e4ven den h\u00e4r kalejdoskopiska j\u00e4ttemaskeraden som en relevant bild f\u00f6r den bisarra sk\u00e4rmv\u00e4rld vi har omkring oss. \u00a0\u00a0\u00a0<\/p>\n<p class=\"byline\">Nina Asarnoj<br \/><a class=\"internal-link\" target=\"_self\" href=\"https:\/\/www.sverigesradio.se\/artikel\/mailto:nina.asarnoj@sverigesradio.se\" rel=\"nofollow noopener\">nina.asarnoj@sverigesradio.se<\/a><\/p>\n","protected":false},"excerpt":{"rendered":"Titel: Doktor GlasRegi: Erik LeijonborgManus: Isac Calmroth och Erik LeijonborgSk\u00e5despelare: Isac Calmroth, Christian Fandango, Thea Sofie Loch N\u00e6ss&hellip;\n","protected":false},"author":2,"featured_media":176640,"comment_status":"","ping_status":"","sticky":false,"template":"","format":"standard","meta":{"footnotes":"","_share_on_mastodon":"0"},"categories":[67],"tags":[900,904,104,903,902,194,898,899,787,171,901,34,31,33,32,30,905,105],"class_list":["post-176639","post","type-post","status-publish","format-standard","has-post-thumbnail","category-underhallning","tag-bcker","tag-dans","tag-entertainment","tag-film","tag-konst","tag-kultur","tag-kulturnyheter","tag-kulturnytt","tag-lyssna","tag-radio","tag-recensioner","tag-se","tag-svenska","tag-sverige","tag-sweden","tag-swedish","tag-teater","tag-underhallning"],"share_on_mastodon":{"url":"https:\/\/pubeurope.com\/@se\/116141343769495897","error":""},"_links":{"self":[{"href":"https:\/\/www.europesays.com\/se\/wp-json\/wp\/v2\/posts\/176639","targetHints":{"allow":["GET"]}}],"collection":[{"href":"https:\/\/www.europesays.com\/se\/wp-json\/wp\/v2\/posts"}],"about":[{"href":"https:\/\/www.europesays.com\/se\/wp-json\/wp\/v2\/types\/post"}],"author":[{"embeddable":true,"href":"https:\/\/www.europesays.com\/se\/wp-json\/wp\/v2\/users\/2"}],"replies":[{"embeddable":true,"href":"https:\/\/www.europesays.com\/se\/wp-json\/wp\/v2\/comments?post=176639"}],"version-history":[{"count":0,"href":"https:\/\/www.europesays.com\/se\/wp-json\/wp\/v2\/posts\/176639\/revisions"}],"wp:featuredmedia":[{"embeddable":true,"href":"https:\/\/www.europesays.com\/se\/wp-json\/wp\/v2\/media\/176640"}],"wp:attachment":[{"href":"https:\/\/www.europesays.com\/se\/wp-json\/wp\/v2\/media?parent=176639"}],"wp:term":[{"taxonomy":"category","embeddable":true,"href":"https:\/\/www.europesays.com\/se\/wp-json\/wp\/v2\/categories?post=176639"},{"taxonomy":"post_tag","embeddable":true,"href":"https:\/\/www.europesays.com\/se\/wp-json\/wp\/v2\/tags?post=176639"}],"curies":[{"name":"wp","href":"https:\/\/api.w.org\/{rel}","templated":true}]}}