{"id":176749,"date":"2026-02-27T08:27:13","date_gmt":"2026-02-27T08:27:13","guid":{"rendered":"https:\/\/www.europesays.com\/se\/176749\/"},"modified":"2026-02-27T08:27:13","modified_gmt":"2026-02-27T08:27:13","slug":"viktigaste-nyheterna-pa-tre-minuter-11","status":"publish","type":"post","link":"https:\/\/www.europesays.com\/se\/176749\/","title":{"rendered":"Viktigaste nyheterna p\u00e5 tre minuter"},"content":{"rendered":"<p>F\u00f6rsvarsministern vill inte utesluta att k\u00e4rnvapen placeras p\u00e5 svensk mark i krigstid, s\u00e4ger han till Ekot.<\/p>\n<p>\u2013 Skulle det bli krig s\u00e5 kommer vi ha \u00f6ppningar f\u00f6r allting som kan s\u00e4kra Sveriges \u00f6verlevnad och svensk s\u00e4kerhet naturligtvis, s\u00e4ger han.<\/p>\n<p>Riksdagspartierna kom \u00f6verens om att man inte ska till\u00e5ta stationering av k\u00e4rnvapen i Sverige under fredstid 2023, men det finns ingenting s\u00e5dant sagt om krigstid.<\/p>\n<p>Pakistan befinner sig i \u00f6ppet krig med Afghanistan, s\u00e4ger Pakistans f\u00f6rsvarsminister Khawaja Muhammad Asif enligt Reuters.<\/p>\n<p>Sp\u00e4nningarna har \u00f6kat mellan de b\u00e5da l\u00e4nderna under den senaste tiden, och under natten har de blossat upp till d\u00f6dliga strider med f\u00f6rluster p\u00e5 b\u00e5da sidor.<\/p>\n<p>\u2013 V\u00e5rt t\u00e5lamods b\u00e4gare har runnit \u00f6ver. Nu \u00e4r det \u00f6ppet krig, s\u00e4ger Khawaja Muhammad Asif.<\/p>\n<p>Bill Clinton k\u00e4nde inte till Jeffrey Epsteins brott, h\u00e4vdar Hillary Clinton efter en sex timmar l\u00e5ng utfr\u00e5gning. <\/p>\n<p>Vidare s\u00e4ger hon att hon sj\u00e4lv inte k\u00e4nde Epstein, och att hon k\u00e4nde Ghislaine Maxwell ytligt. Makens relation med den \u00f6k\u00e4nde sexf\u00f6rbrytaren avslutades enligt Clinton \u201dflera \u00e5r innan utredningen p\u00e5b\u00f6rjades\u201d.<\/p>\n<p>Bill Clinton ska sj\u00e4lv vittna under dagen, med start klockan 17.00 svensk tid.<\/p>\n<p>Med ansiktsigenk\u00e4nning och \u00f6gonskanning har Israel tagit ett nytt grepp om Gazas enda port mot omv\u00e4rlden. Men vid gr\u00e4nsen i s\u00f6der utspelar sig mer \u00e4n bara s\u00e4kerhetskontroller.<\/p>\n<p>H\u00e4r krockar Gazabornas f\u00f6rhoppningar om v\u00e5rd och familje\u00e5terf\u00f6rening med den israeliska h\u00f6gerns dr\u00f6m om att t\u00f6mma omr\u00e5det p\u00e5 palestinier.<\/p>\n<p>Neandertalare var riktigt popul\u00e4ra bland tjejerna, visar ny forskning. \u00c5tminstone var det bra mycket vanligare f\u00f6r manliga neandertalare att f\u00e5 barn med kvinnliga m\u00e4nniskor \u00e4n vice versa. Det har forskare uppt\u00e4ckt genom att analysera dna-sp\u00e5r. <\/p>\n<p><a target=\"_blank\" rel=\"noreferrer nofollow noopener\" href=\"https:\/\/www.theguardian.com\/science\/2026\/feb\/26\/male-neanderthals-human-females-mating-research-dna-genetics\" class=\"Text_externalLink__zdh8y\"> L\u00e4s mer p\u00e5 The Guardian.<\/a><\/p>\n<p>Omni \u00e4r politiskt obundna och oberoende. Vi str\u00e4var efter att ge fler perspektiv p\u00e5 nyheterna. Har du fr\u00e5gor eller synpunkter kring v\u00e5r rapportering? <a href=\"https:\/\/omni.se\/viktigaste-nyheterna-pa-tre-minuter\/a\/mailto:redaktion@omni.se\" class=\"ArticleActions_contactLink__W2F1M\" rel=\"nofollow noopener\" target=\"_blank\">Kontakta redaktionen<\/a><\/p>\n","protected":false},"excerpt":{"rendered":"F\u00f6rsvarsministern vill inte utesluta att k\u00e4rnvapen placeras p\u00e5 svensk mark i krigstid, s\u00e4ger han till Ekot. \u2013 Skulle&hellip;\n","protected":false},"author":2,"featured_media":176750,"comment_status":"","ping_status":"","sticky":false,"template":"","format":"standard","meta":{"footnotes":"","_share_on_mastodon":"0"},"categories":[5],"tags":[22,23,26,27,17,21,24,25,28,29,700,15,16,18,34,31,33,32,30,19,20],"class_list":["post-176749","post","type-post","status-publish","format-standard","has-post-thumbnail","category-rubriker","tag-breaking-news","tag-breakingnews","tag-featured-news","tag-featurednews","tag-headlines","tag-huvudnyheter","tag-latest-news","tag-latestnews","tag-main-news","tag-mainnews","tag-morgonsvepet","tag-news","tag-nyheter","tag-rubriker","tag-se","tag-svenska","tag-sverige","tag-sweden","tag-swedish","tag-top-stories","tag-topstories"],"share_on_mastodon":{"url":"https:\/\/pubeurope.com\/@se\/116141650451092487","error":""},"_links":{"self":[{"href":"https:\/\/www.europesays.com\/se\/wp-json\/wp\/v2\/posts\/176749","targetHints":{"allow":["GET"]}}],"collection":[{"href":"https:\/\/www.europesays.com\/se\/wp-json\/wp\/v2\/posts"}],"about":[{"href":"https:\/\/www.europesays.com\/se\/wp-json\/wp\/v2\/types\/post"}],"author":[{"embeddable":true,"href":"https:\/\/www.europesays.com\/se\/wp-json\/wp\/v2\/users\/2"}],"replies":[{"embeddable":true,"href":"https:\/\/www.europesays.com\/se\/wp-json\/wp\/v2\/comments?post=176749"}],"version-history":[{"count":0,"href":"https:\/\/www.europesays.com\/se\/wp-json\/wp\/v2\/posts\/176749\/revisions"}],"wp:featuredmedia":[{"embeddable":true,"href":"https:\/\/www.europesays.com\/se\/wp-json\/wp\/v2\/media\/176750"}],"wp:attachment":[{"href":"https:\/\/www.europesays.com\/se\/wp-json\/wp\/v2\/media?parent=176749"}],"wp:term":[{"taxonomy":"category","embeddable":true,"href":"https:\/\/www.europesays.com\/se\/wp-json\/wp\/v2\/categories?post=176749"},{"taxonomy":"post_tag","embeddable":true,"href":"https:\/\/www.europesays.com\/se\/wp-json\/wp\/v2\/tags?post=176749"}],"curies":[{"name":"wp","href":"https:\/\/api.w.org\/{rel}","templated":true}]}}