{"id":17691,"date":"2025-08-30T20:22:07","date_gmt":"2025-08-30T20:22:07","guid":{"rendered":"https:\/\/www.europesays.com\/se\/17691\/"},"modified":"2025-08-30T20:22:07","modified_gmt":"2025-08-30T20:22:07","slug":"maddies-utpekade-mordare-slapps-beskrivs-som-farlig","status":"publish","type":"post","link":"https:\/\/www.europesays.com\/se\/17691\/","title":{"rendered":"Maddies utpekade m\u00f6rdare sl\u00e4pps \u2013 beskrivs som farlig"},"content":{"rendered":"<p>Publicerad 30 aug 2025 kl 22.01<\/p>\n<p>Christian Br\u00fcckner, som \u00e4r huvudmisst\u00e4nkt f\u00f6r f\u00f6rsvinnandet av Madeleine McCann, kommer snart att sl\u00e4ppas fri, enligt <a href=\"https:\/\/www.bbc.com\/news\/articles\/c2063n085d1o\" rel=\"nofollow noopener\" target=\"_blank\">BBC<\/a>.<\/p>\n<p>Tyska myndigheter anser fortfarande att han \u00e4r farlig \u2013 men kan inte h\u00e5lla kvar honom.<\/p>\n<p>\u2013 Vi har bevis som talar mot honom, s\u00e4ger \u00e5klagaren.<\/p>\n<p>Nyheter, reportage och analyser i Sverige och i \u00f6vriga v\u00e4rlden.<img   alt=\"\"\/><\/p>\n<p>Madeleine McCann f\u00f6rsvann 2007.<\/p>\n<p>Foto: AP TT NYHETSBYR\u00c5N<\/p>\n<p>\u00d6ppna bild i helsk\u00e4rm<img loading=\"lazy\"   alt=\"\"\/><\/p>\n<p>Christian Br\u00fcckner avtj\u00e4nar ett f\u00e4ngelsestraff i Tyskland.<\/p>\n<p>Foto: MEGA\/IBL<\/p>\n<p>\u00d6ppna bild i helsk\u00e4rm<\/p>\n<p>Christian Br\u00fcckner, 48, avtj\u00e4nar nu ett sju\u00e5rigt f\u00e4ngelsestraff i Tyskland f\u00f6r v\u00e5ldt\u00e4kt p\u00e5 en \u00e4ldre kvinna.<\/p>\n<p>Tyska myndigheter bekr\u00e4ftar nu att den d\u00f6mda tyska pedofilen kommer att sl\u00e4ppas fri den 17 september \u2013 trots att han bed\u00f6ms som farlig.<\/p>\n<p>Brittiska tre\u00e5ringen Madeleine \u201dMaddie\u201d McCann var p\u00e5 semester med sina f\u00f6r\u00e4ldrar i Praia da Luz vid Algarvekusten i Portugal n\u00e4r hon f\u00f6rsvann den 3 maj 2007. Hon har aldrig hittats.<\/p>\n<p>Utredningen forts\u00e4tter<\/p>\n<p>Br\u00fcckner har aldrig formellt blivit \u00e5talad f\u00f6r flickans f\u00f6rsvinnande och \u00e5klagaren Hans Christian Wolters s\u00e4ger till BBC att det fortfarande inte finns tillr\u00e4ckligt med bevis. Utredningen kommer dock att forts\u00e4tta.<\/p>\n<p>\u2013 Han \u00e4r inte bara v\u00e5r fr\u00e4msta misst\u00e4nkte, han \u00e4r den enda misst\u00e4nkte. Vi har bevis som talar mot honom, som tyder p\u00e5 att han \u00e4r ansvarig f\u00f6r <a href=\"https:\/\/www.expressen.se\/tagg\/person\/madeleine-mccann\/\" class=\"\" rel=\"nofollow noopener\" target=\"_blank\">Madeleine McCanns<\/a> f\u00f6rsvinnande och d\u00f6d, s\u00e4ger Hans Christian Wolters, till BBC.<\/p>\n<p>\u00c5klagaren s\u00e4ger att en expert nyligen har bed\u00f6mt Br\u00fcckner som farlig men att det nuvarande r\u00e4ttsl\u00e4get g\u00f6r att han m\u00e5ste sl\u00e4ppas.<\/p>\n<p>F\u00f6re detta polis betalade<\/p>\n<p>Nyligen rapporterades det att Br\u00fcckner hade en utest\u00e5ende domstolsbot p\u00e5 17 300 kronor som han inte kunde betala, vilket gjorde att han skulle kunna h\u00e5llas kvar i f\u00e4ngelset l\u00e4ngre och ge polisen mer tid att utreda honom.<\/p>\n<p>Men en f\u00f6re detta polis som utrett honom betalade boten, vilket har bidragit till att han nu ska sl\u00e4ppas.<\/p>\n<p><strong>L\u00c4S MER: <\/strong><a href=\"https:\/\/www.expressen.se\/nyheter\/varlden\/maddies-utpekade-mordare-slapps-efter-polisens-drag\/\" class=\"\" rel=\"nofollow noopener\" target=\"_blank\">Maddies utpekade m\u00f6rdare sl\u00e4pps \u2013 efter polisens drag<\/a><strong>L\u00c4S MER: <\/strong><a href=\"https:\/\/www.expressen.se\/nyheter\/varlden\/vidriga-fynden-hos-misstankta-mordaren\/\" class=\"\" rel=\"nofollow noopener\" target=\"_blank\">Vidriga fynden hos misst\u00e4nkta m\u00f6rdaren<\/a><\/p>\n","protected":false},"excerpt":{"rendered":"Publicerad 30 aug 2025 kl 22.01 Christian Br\u00fcckner, som \u00e4r huvudmisst\u00e4nkt f\u00f6r f\u00f6rsvinnandet av Madeleine McCann, kommer snart&hellip;\n","protected":false},"author":2,"featured_media":17692,"comment_status":"","ping_status":"","sticky":false,"template":"","format":"standard","meta":{"footnotes":""},"categories":[14],"tags":[22,23,26,27,17,21,24,25,57,28,29,15,16,2246,2245,18,34,55,31,33,32,30,19,436,20,51,52,53,54],"class_list":{"0":"post-17691","1":"post","2":"type-post","3":"status-publish","4":"format-standard","5":"has-post-thumbnail","7":"category-varlden","8":"tag-breaking-news","9":"tag-breakingnews","10":"tag-featured-news","11":"tag-featurednews","12":"tag-headlines","13":"tag-huvudnyheter","14":"tag-latest-news","15":"tag-latestnews","16":"tag-location-tyskland","17":"tag-main-news","18":"tag-mainnews","19":"tag-news","20":"tag-nyheter","21":"tag-person-christian-bruckner","22":"tag-person-madeleine-mccann","23":"tag-rubriker","24":"tag-se","25":"tag-sections-varlden","26":"tag-svenska","27":"tag-sverige","28":"tag-sweden","29":"tag-swedish","30":"tag-top-stories","31":"tag-topic-valdsbrott-mord","32":"tag-topstories","33":"tag-varlden","34":"tag-world","35":"tag-world-news","36":"tag-worldnews"},"share_on_mastodon":{"url":"","error":""},"_links":{"self":[{"href":"https:\/\/www.europesays.com\/se\/wp-json\/wp\/v2\/posts\/17691","targetHints":{"allow":["GET"]}}],"collection":[{"href":"https:\/\/www.europesays.com\/se\/wp-json\/wp\/v2\/posts"}],"about":[{"href":"https:\/\/www.europesays.com\/se\/wp-json\/wp\/v2\/types\/post"}],"author":[{"embeddable":true,"href":"https:\/\/www.europesays.com\/se\/wp-json\/wp\/v2\/users\/2"}],"replies":[{"embeddable":true,"href":"https:\/\/www.europesays.com\/se\/wp-json\/wp\/v2\/comments?post=17691"}],"version-history":[{"count":0,"href":"https:\/\/www.europesays.com\/se\/wp-json\/wp\/v2\/posts\/17691\/revisions"}],"wp:featuredmedia":[{"embeddable":true,"href":"https:\/\/www.europesays.com\/se\/wp-json\/wp\/v2\/media\/17692"}],"wp:attachment":[{"href":"https:\/\/www.europesays.com\/se\/wp-json\/wp\/v2\/media?parent=17691"}],"wp:term":[{"taxonomy":"category","embeddable":true,"href":"https:\/\/www.europesays.com\/se\/wp-json\/wp\/v2\/categories?post=17691"},{"taxonomy":"post_tag","embeddable":true,"href":"https:\/\/www.europesays.com\/se\/wp-json\/wp\/v2\/tags?post=17691"}],"curies":[{"name":"wp","href":"https:\/\/api.w.org\/{rel}","templated":true}]}}