{"id":17714,"date":"2025-08-30T21:39:20","date_gmt":"2025-08-30T21:39:20","guid":{"rendered":"https:\/\/www.europesays.com\/se\/17714\/"},"modified":"2025-08-30T21:39:20","modified_gmt":"2025-08-30T21:39:20","slug":"huvudmisstankt-i-mccann-fallet-slapps-fri-inom-kort","status":"publish","type":"post","link":"https:\/\/www.europesays.com\/se\/17714\/","title":{"rendered":"Huvudmisst\u00e4nkt i McCann-fallet sl\u00e4pps fri inom kort"},"content":{"rendered":"<p>Christian Br\u00fcckner, som \u00e4r polisens huvudmisst\u00e4kte i fallet med f\u00f6rsvunna Madeleine McCann, kommer inom n\u00e5gra veckor att sl\u00e4ppas ur f\u00e4ngelse i Tyskland, rapporterar BBC. Br\u00fcckner har d\u00e5 avtj\u00e4nat sitt straff f\u00f6r v\u00e5ldt\u00e4kt p\u00e5 72-\u00e5rig amerikansk kvinna, och m\u00e5ste enligt tysk lag omedelbart sl\u00e4ppas, \u00e4ven om han fortsatt betraktas som farlig. <\/p>\n<p>Br\u00fcckner har aldrig \u00e5talats f\u00f6r n\u00e5got brott kopplat till McCanns f\u00f6rsvinnande i Portugal 2007 men tyska \u00e5klagare s\u00e4ger att de har bevis mot honom. Sedan 2020 har han varit huvudmisst\u00e4nkt f\u00f6r brottet. \u00c5klagaren Hans Christian Wolters s\u00e4ger att inget som sedan dess framkommit har minskat misstankarna. <\/p>\n<p>\u2013 Vi har hittat bevis som st\u00e4rker v\u00e5r sak. Men som vi ser det \u00e4r bevisen inte starka nog f\u00f6r att f\u00e5 honom f\u00e4lld och d\u00e4rf\u00f6r har han \u00e4nnu inte \u00e5talats, s\u00e4ger Wolters. <\/p>\n<p>Omni \u00e4r politiskt obundna och oberoende. Vi str\u00e4var efter att ge fler perspektiv p\u00e5 nyheterna. Har du fr\u00e5gor eller synpunkter kring v\u00e5r rapportering? <a href=\"https:\/\/omni.se\/huvudmisstankt-i-mccann-fallet-slapps-fri-inom-kort\/a\/mailto:redaktion@omni.se\" class=\"ArticleActions_contactLink__W2F1M\" rel=\"nofollow noopener\" target=\"_blank\">Kontakta redaktionen<\/a><\/p>\n","protected":false},"excerpt":{"rendered":"Christian Br\u00fcckner, som \u00e4r polisens huvudmisst\u00e4kte i fallet med f\u00f6rsvunna Madeleine McCann, kommer inom n\u00e5gra veckor att sl\u00e4ppas&hellip;\n","protected":false},"author":2,"featured_media":17715,"comment_status":"","ping_status":"","sticky":false,"template":"","format":"standard","meta":{"footnotes":""},"categories":[14],"tags":[22,23,267,26,27,17,21,24,25,2247,28,29,15,16,18,34,593,31,33,32,30,19,20,408,51,52,53,54],"class_list":{"0":"post-17714","1":"post","2":"type-post","3":"status-publish","4":"format-standard","5":"has-post-thumbnail","7":"category-varlden","8":"tag-breaking-news","9":"tag-breakingnews","10":"tag-europa","11":"tag-featured-news","12":"tag-featurednews","13":"tag-headlines","14":"tag-huvudnyheter","15":"tag-latest-news","16":"tag-latestnews","17":"tag-madeleine-mccann","18":"tag-main-news","19":"tag-mainnews","20":"tag-news","21":"tag-nyheter","22":"tag-rubriker","23":"tag-se","24":"tag-storbritannien","25":"tag-svenska","26":"tag-sverige","27":"tag-sweden","28":"tag-swedish","29":"tag-top-stories","30":"tag-topstories","31":"tag-tyskland","32":"tag-varlden","33":"tag-world","34":"tag-world-news","35":"tag-worldnews"},"share_on_mastodon":{"url":"","error":""},"_links":{"self":[{"href":"https:\/\/www.europesays.com\/se\/wp-json\/wp\/v2\/posts\/17714","targetHints":{"allow":["GET"]}}],"collection":[{"href":"https:\/\/www.europesays.com\/se\/wp-json\/wp\/v2\/posts"}],"about":[{"href":"https:\/\/www.europesays.com\/se\/wp-json\/wp\/v2\/types\/post"}],"author":[{"embeddable":true,"href":"https:\/\/www.europesays.com\/se\/wp-json\/wp\/v2\/users\/2"}],"replies":[{"embeddable":true,"href":"https:\/\/www.europesays.com\/se\/wp-json\/wp\/v2\/comments?post=17714"}],"version-history":[{"count":0,"href":"https:\/\/www.europesays.com\/se\/wp-json\/wp\/v2\/posts\/17714\/revisions"}],"wp:featuredmedia":[{"embeddable":true,"href":"https:\/\/www.europesays.com\/se\/wp-json\/wp\/v2\/media\/17715"}],"wp:attachment":[{"href":"https:\/\/www.europesays.com\/se\/wp-json\/wp\/v2\/media?parent=17714"}],"wp:term":[{"taxonomy":"category","embeddable":true,"href":"https:\/\/www.europesays.com\/se\/wp-json\/wp\/v2\/categories?post=17714"},{"taxonomy":"post_tag","embeddable":true,"href":"https:\/\/www.europesays.com\/se\/wp-json\/wp\/v2\/tags?post=17714"}],"curies":[{"name":"wp","href":"https:\/\/api.w.org\/{rel}","templated":true}]}}