{"id":17734,"date":"2025-08-30T22:25:14","date_gmt":"2025-08-30T22:25:14","guid":{"rendered":"https:\/\/www.europesays.com\/se\/17734\/"},"modified":"2025-08-30T22:25:14","modified_gmt":"2025-08-30T22:25:14","slug":"edward-bloms-kritik-mot-socialdemokraterna","status":"publish","type":"post","link":"https:\/\/www.europesays.com\/se\/17734\/","title":{"rendered":"Edward Bloms kritik mot Socialdemokraterna"},"content":{"rendered":"<p>Publicerad 30 aug 2025 kl 21.09Uppdaterad kl 23.14<\/p>\n<p>SSU h\u00e4vdar att Jesus var sosse.<\/p>\n<p>Det v\u00e4cker Edward Bloms ilska.<\/p>\n<p>\u2013 Det \u00e4r h\u00f6gmod att anse att Gud sj\u00e4lv h\u00e5ller med ens egna lilla futtiga parti, s\u00e4ger han.<\/p>\n<p>Nyheter, reportage och analyser i Sverige och i \u00f6vriga v\u00e4rlden.<img   alt=\"\"\/><\/p>\n<p>Tv-profilen Edward Blom.<\/p>\n<p>Foto: OLLE SPORRONG<\/p>\n<p>\u00d6ppna bild i helsk\u00e4rm<img loading=\"lazy\"   alt=\"\"\/><\/p>\n<p>Staty av Jesus Kristus.<\/p>\n<p>Foto: Kallestad, Gorm \/ NTB TT NYHETSBYR\u00c5N<\/p>\n<p>\u00d6ppna bild i helsk\u00e4rm<\/p>\n<p>Inf\u00f6r kyrkovalet den 21 september har Socialdemokraternas ungdomsf\u00f6rbund, <a href=\"https:\/\/www.expressen.se\/tagg\/organization\/ssu\/\" class=\"\" rel=\"nofollow noopener\" target=\"_blank\">SSU<\/a>, lanserat kampanjen \u201dJesus var sosse\u201d.<\/p>\n<p>Att fr\u00e4lsaren helade sjuka, drev ut m\u00e5nglarna (sm\u00e5handlare) fr\u00e5n templet i Jerusalem och delade mat med beh\u00f6vande, menar SSU \u00e4r tecken p\u00e5 att hans sympatier skulle ligga v\u00e4nsterut om han levde i dag.<\/p>\n<p>\u201dFinns Gud \u00e4r han st\u00f6rre \u00e4n SSU\u201d<\/p>\n<p>Budskapet har v\u00e4ckt tv-profilen Edward Bloms ilska, som tycker att det \u00e4r en h\u00e4delse mot Herren.<\/p>\n<p>\u2013 Det \u00e4r h\u00f6gmod att anse att Gud sj\u00e4lv h\u00e5ller med ens egna lilla futtiga parti. Finns Gud \u00e4r han nog v\u00e4ldigt mycket st\u00f6rre \u00e4n SSU, s\u00e4ger han.<\/p>\n<p>Enligt Blom \u00e4r det \u201dotroligt smutsigt\u201d att politisera religionen, och han skulle helst se att kyrkovalet avskaffas.<\/p>\n<p>\u2013 Jag \u00e4r katolik, s\u00e5 Svenska kyrkan \u00e4r inte min kyrka. Men jag tycker de borde sk\u00e4mmas \u00f6ver att de inte blivit av med politiska partier i kyrkan, s\u00e4ger han och forts\u00e4tter:<\/p>\n<p>\u2013 Det \u00e4r bara icke-troende som tycker att det \u00e4r bra, s\u00e5 att de f\u00e5r ytterligare en politisk arena f\u00f6r sin partipolitik. Kyrkan kan ta st\u00e4llning i religi\u00f6sa fr\u00e5gor, men sj\u00e4lvklart ska den vara opolitisk.<\/p>\n<p>Vill att SSU ber f\u00f6r sina representanter<\/p>\n<p>Om nu valet \u00e4nd\u00e5 ska h\u00e5llas, vill Blom att SSU \u00e4ndrar sin strategi.<\/p>\n<p>\u2013 De kan v\u00e4l b\u00f6rja med att s\u00e4tta sig och be f\u00f6r att de ska f\u00e5 fram de b\u00e4sta representanterna i kyrkofullm\u00e4ktige, s\u00e4ger han.<\/p>\n<p>SSU:s f\u00f6rbundssekreterare Lotta Wiechel ser inga problem med kampanjen och riktar samtidigt en k\u00e4nga mot sina politiska motst\u00e5ndare.<\/p>\n<p>\u201dJesus hade inte r\u00f6stat p\u00e5 Tid\u00f6regeringen, och s\u00e4rskilt inte p\u00e5 Kristdemokraterna. Det \u00e4r inte f\u00f6renligt med kristna v\u00e4rderingar att dra ner p\u00e5 bist\u00e5ndet n\u00e4r v\u00e4rlden st\u00e5r i brand och behoven \u00e4r som st\u00f6rst\u201d, skriver hon i en kommentar till Expressen.<\/p>\n<p><a href=\"https:\/\/x.com\/edward_blom\/status\/1961775648357130669?s=46\" data-provider=\"twitter\" class=\"js-social-embed\" rel=\"nofollow\">https:\/\/x.com\/edward_blom\/status\/1961775648357130669?s=46<\/a><\/p>\n","protected":false},"excerpt":{"rendered":"Publicerad 30 aug 2025 kl 21.09Uppdaterad kl 23.14 SSU h\u00e4vdar att Jesus var sosse. Det v\u00e4cker Edward Bloms&hellip;\n","protected":false},"author":2,"featured_media":17735,"comment_status":"","ping_status":"","sticky":false,"template":"","format":"standard","meta":{"footnotes":""},"categories":[5],"tags":[22,23,26,27,17,21,24,25,28,29,15,16,2248,608,18,34,583,31,33,32,30,19,151,20],"class_list":{"0":"post-17734","1":"post","2":"type-post","3":"status-publish","4":"format-standard","5":"has-post-thumbnail","7":"category-rubriker","8":"tag-breaking-news","9":"tag-breakingnews","10":"tag-featured-news","11":"tag-featurednews","12":"tag-headlines","13":"tag-huvudnyheter","14":"tag-latest-news","15":"tag-latestnews","16":"tag-main-news","17":"tag-mainnews","18":"tag-news","19":"tag-nyheter","20":"tag-organization-ssu","21":"tag-organization-svenska-kyrkan","22":"tag-rubriker","23":"tag-se","24":"tag-sections-politik","25":"tag-svenska","26":"tag-sverige","27":"tag-sweden","28":"tag-swedish","29":"tag-top-stories","30":"tag-topic-religion","31":"tag-topstories"},"share_on_mastodon":{"url":"","error":""},"_links":{"self":[{"href":"https:\/\/www.europesays.com\/se\/wp-json\/wp\/v2\/posts\/17734","targetHints":{"allow":["GET"]}}],"collection":[{"href":"https:\/\/www.europesays.com\/se\/wp-json\/wp\/v2\/posts"}],"about":[{"href":"https:\/\/www.europesays.com\/se\/wp-json\/wp\/v2\/types\/post"}],"author":[{"embeddable":true,"href":"https:\/\/www.europesays.com\/se\/wp-json\/wp\/v2\/users\/2"}],"replies":[{"embeddable":true,"href":"https:\/\/www.europesays.com\/se\/wp-json\/wp\/v2\/comments?post=17734"}],"version-history":[{"count":0,"href":"https:\/\/www.europesays.com\/se\/wp-json\/wp\/v2\/posts\/17734\/revisions"}],"wp:featuredmedia":[{"embeddable":true,"href":"https:\/\/www.europesays.com\/se\/wp-json\/wp\/v2\/media\/17735"}],"wp:attachment":[{"href":"https:\/\/www.europesays.com\/se\/wp-json\/wp\/v2\/media?parent=17734"}],"wp:term":[{"taxonomy":"category","embeddable":true,"href":"https:\/\/www.europesays.com\/se\/wp-json\/wp\/v2\/categories?post=17734"},{"taxonomy":"post_tag","embeddable":true,"href":"https:\/\/www.europesays.com\/se\/wp-json\/wp\/v2\/tags?post=17734"}],"curies":[{"name":"wp","href":"https:\/\/api.w.org\/{rel}","templated":true}]}}