{"id":178167,"date":"2026-03-01T05:24:08","date_gmt":"2026-03-01T05:24:08","guid":{"rendered":"https:\/\/www.europesays.com\/se\/178167\/"},"modified":"2026-03-01T05:24:08","modified_gmt":"2026-03-01T05:24:08","slug":"khamenei-en-fanatisk-pragmatiker-ledde-iran-till-katastrof","status":"publish","type":"post","link":"https:\/\/www.europesays.com\/se\/178167\/","title":{"rendered":"Khamenei en fanatisk pragmatiker \u2013 ledde Iran till katastrof"},"content":{"rendered":"<p>Han styrde Iran med j\u00e4rnhand i 37 \u00e5r.<\/p>\n<p>Ayatolla Ali Khamenei f\u00f6rkroppsligade den islamistiska revolutionen och fattade alla viktiga politiska och milit\u00e4ra beslut.<\/p>\n<p>Han var en fanatisk pragmatiker som ledde sitt land till tv\u00e5 katastrofala krig.\u00a0<\/p>\n<p>Trump sl\u00e5r till mot Iran<\/p>\n<p>Detta \u00e4r en kr\u00f6nika. Analys och st\u00e4llningstaganden \u00e4r skribentens.&#13;<br \/>\n &#13;\n<\/p>\n<p><img loading=\"lazy\"   alt=\"\"\/><\/p>\n<p>Ayatolla Ali Khamenei styrde Iran i 37 \u00e5r.<\/p>\n<p>Foto: IRANIAN LEADER&#8217;S OFFICE HANDOUT \/ EPA<\/p>\n<p>\u00d6ppna bild i helsk\u00e4rm<img loading=\"lazy\"   alt=\"\"\/><\/p>\n<p>Ayatolla Ali Khamenei styrde Iran i 37 \u00e5r.<\/p>\n<p>Foto: IRANIAN LEADER&#8217;S OFFICE HANDOUT \/ EPA<\/p>\n<p>\u00d6ppna bild i helsk\u00e4rm<img   alt=\"\"\/>Arne Lapidus<\/p>\n<p><a href=\"https:\/\/www.expressen.se\/tagg\/person\/ayatolla-ali-khamenei\/\" class=\"\" rel=\"nofollow noopener\" target=\"_blank\">Ayatolla Ali Khamenei<\/a> var en fanatiker som kunde g\u00f6ra taktiska eftergifter \u2013 men aldrig gav upp sitt of\u00f6rsonliga hat mot USA och Israel. Det ledde till hans egen d\u00f6d och hans land till katastrof.<\/p>\n<p>Under sitt sista \u00e5r fick Irans h\u00f6gste ledare se allt han byggt upp trasas s\u00f6nder. Det \u00e4r bara ruiner kvar av den allians av Iranv\u00e4nliga terroristgrupper och regimer han skapat \u2013 och som skulle hj\u00e4lpa honom i en n\u00f6dsituation. Till exempel i ett krig mot USA och Israel.<\/p>\n<p>Schejk Hassan Nasrallah, ledaren f\u00f6r islamistgruppen Hizbollah i Libanon, d\u00f6dades av Israel. Likas\u00e5 Yahiya Sinwar, ledare f\u00f6r islamistgruppen Hamas i Gaza. Och president Bashar Assad i Syrien jagades bort av sitt eget folk.<\/p>\n<p>Khameinis strategi kollapsade<\/p>\n<p>De skulle ha utgjort en skyddande mur f\u00f6r Iran i h\u00e4ndelse av krig och attackera Israel i flanken. Men Khameneis strategi kollapsade \u2013 och hans fanatism ledde i st\u00e4llet landet till tv\u00e5 katastrofala krig mot Israel och USA. I juni f\u00f6rra \u00e5ret och nu.<\/p>\n<p>Den 86-\u00e5rige ledaren fortsatte att hota Israel och USA med totalt krig om de gick till angrepp.\u00a0<\/p>\n<p>\u2013 Amerikanarna ska veta att om de startar krig blir det ett regionalt krig den h\u00e4r g\u00e5ngen, sade han.<\/p>\n<p>Men resultatet blev att den h\u00f6gste ledaren d\u00f6dades p\u00e5 krigets f\u00f6rsta dag och att hela den iranska regimen \u00e4r p\u00e5 fallrepet.<\/p>\n<p>Ingen \u00e4r naturligtvis oers\u00e4ttlig och regimen kan s\u00e4kert skaka fram en ny ledare ur sina led \u2013 om den \u00f6verhuvudtaget \u00f6verlever. Men det kommer att ta l\u00e5ng tid innan eftertr\u00e4daren f\u00e5r samma auktoritet som Khamenei.<\/p>\n<p>Blev h\u00f6gste ledare 1989<\/p>\n<p>Khamenei ingick i kretsen kring den islamistiska revolutionens ledare ayatolla Ruhollah Khomeini som st\u00f6rtade shahen och tog makten 1979. Han blev landets president redan 1981, men det \u00e4r en post underst\u00e4lld h\u00f6gste ledaren.<\/p>\n<p>Efter en maktkamp uts\u00e5gs han 1989 till ayatolla Khomeinis eftertr\u00e4dare och blev d\u00e4rmed lrans andre store ledare efter revolutionen. Hans tid vid makten har pr\u00e4glats av utvecklingen av Irans atomprogram, det som Israel, USA och m\u00e5nga andra h\u00e4vdar syftar till att skapa k\u00e4rnvapen. N\u00e5got som Iran f\u00f6rnekar.<\/p>\n<p>Han h\u00e4vdade att Iran har r\u00e4tt att anrika uran och v\u00e4grade ge efter.<\/p>\n<p>Han stod ocks\u00e5 bakom Irans regionala strategi att skapa allianser med Libanon, Syrien, Irak och Jemen, bland annat med hj\u00e4lp av shiamuslimska grupper i flera av l\u00e4nderna. Han st\u00f6ttade ocks\u00e5 terrorgrupper som Hamas och Hizbollah med pengar och vapen.<\/p>\n<p>Annons<\/p>\n<p>Han lovade att aldrig ge upp mot USA. Det resulterade i den senaste tidens fruktl\u00f6sa f\u00f6rhandlingar om Irans k\u00e4rnprogram och ballistiska robotar. F\u00f6rhandlingarna k\u00f6rde fast och fick Donald Trump att tappa t\u00e5lamodet och starta krig.\u00a0<\/p>\n<p>Slog ned allt motst\u00e5nd<\/p>\n<p>Khamenei var en brutal diktator som slog ned allt motst\u00e5nd. Han \u00f6verlevde studentdemonstrationer 1999, massprotester mot valfusk 2009 och landsomfattande demonstrationer 2019. Han stoppade alla protester med brutalt v\u00e5ld, ocks\u00e5 de senaste som br\u00f6t ut tidigare \u00e5r \u2013 och d\u00e4r demonstranterna kr\u00e4vde att regimen skulle st\u00f6rtas.<\/p>\n<p>Han slog ocks\u00e5 ned alla protester mot religi\u00f6st kvinnof\u00f6rtryck i Iran.<\/p>\n<p>Det blodiga tolvdagarskriget i juni f\u00f6rra \u00e5ret blev ett fruktansv\u00e4rt fiasko f\u00f6r Khamenei och Iran. Israel slog ut det iranska luftf\u00f6rsvaret. N\u00e5got som visade att den israeliska underr\u00e4ttelsetj\u00e4nsten Mossad hade penetrerat Iran med m\u00e5nga agenter p\u00e5 plats.<\/p>\n<p>Gick under jorden<\/p>\n<p>Khamenei gick under jorden under tolvdagarskriget, men kom tillbaka mera kamplysten och fanatisk \u00e4n tidigare. Han utslungade v\u00e5ldsamma hotelser mot Israel och verkade ignorera alla varningar. N\u00e5got som resulterade i hans d\u00f6d i det p\u00e5g\u00e5ende kriget.<\/p>\n<p>Han skadades i ett mordf\u00f6rs\u00f6k 1981 utf\u00f6rt av en iransk v\u00e4nstergrupp n\u00e4r han var president. Sedan dess var han delvis f\u00f6rlamad i h\u00f6gerarmen. Han reste n\u00e4stan aldrig utomlands. Den senast k\u00e4nda utlandsresan var som president p\u00e5 ett officiellt bes\u00f6k i Nordkorea 1989.<\/p>\n<p>Nu \u00e4r de stora fr\u00e5gorna i Iran, i Mellan\u00f6stern och hela v\u00e4rlden: Kommer den iranska regimen att \u00f6verleva den h\u00f6gste ledarens d\u00f6d eller v\u00e4ntar en ny era i Iran, som \u00e5tminstone fram till nyligen betraktades som en regional stormakt? Blir det en ny diktatur, demokrati eller fullst\u00e4ndigt kaos.<\/p>\n<p>P\u00e5 krigets f\u00f6rsta dag \u00e4r det \u00e4nnu f\u00f6r tidigt att ge svar p\u00e5 de fr\u00e5gorna.<\/p>\n<p><img loading=\"lazy\"   alt=\"\"\/><\/p>\n<p>Arne Lapidus p\u00e5 plats i Tel Aviv.<\/p>\n<p>\u00d6ppna bild i helsk\u00e4rm<\/p>\n","protected":false},"excerpt":{"rendered":"Han styrde Iran med j\u00e4rnhand i 37 \u00e5r. Ayatolla Ali Khamenei f\u00f6rkroppsligade den islamistiska revolutionen och fattade alla&hellip;\n","protected":false},"author":2,"featured_media":178168,"comment_status":"","ping_status":"","sticky":false,"template":"","format":"standard","meta":{"footnotes":"","_share_on_mastodon":"0"},"categories":[14],"tags":[22,23,26,27,17,21,24,25,971,58,45,28,29,15,15557,16,15573,18,34,15572,31,33,32,30,19,60,20,51,52,53,54],"class_list":["post-178167","post","type-post","status-publish","format-standard","has-post-thumbnail","category-varlden","tag-breaking-news","tag-breakingnews","tag-featured-news","tag-featurednews","tag-headlines","tag-huvudnyheter","tag-latest-news","tag-latestnews","tag-location-iran","tag-location-israel","tag-location-usa","tag-main-news","tag-mainnews","tag-news","tag-newsstory-usa-och-israel-attackerar-iran","tag-nyheter","tag-person-ayatolla-ali-khamenei","tag-rubriker","tag-se","tag-sections-arnelapidus","tag-svenska","tag-sverige","tag-sweden","tag-swedish","tag-top-stories","tag-topic-krig-konflikt","tag-topstories","tag-varlden","tag-world","tag-world-news","tag-worldnews"],"share_on_mastodon":{"url":"https:\/\/pubeurope.com\/@se\/116152255429557372","error":""},"_links":{"self":[{"href":"https:\/\/www.europesays.com\/se\/wp-json\/wp\/v2\/posts\/178167","targetHints":{"allow":["GET"]}}],"collection":[{"href":"https:\/\/www.europesays.com\/se\/wp-json\/wp\/v2\/posts"}],"about":[{"href":"https:\/\/www.europesays.com\/se\/wp-json\/wp\/v2\/types\/post"}],"author":[{"embeddable":true,"href":"https:\/\/www.europesays.com\/se\/wp-json\/wp\/v2\/users\/2"}],"replies":[{"embeddable":true,"href":"https:\/\/www.europesays.com\/se\/wp-json\/wp\/v2\/comments?post=178167"}],"version-history":[{"count":0,"href":"https:\/\/www.europesays.com\/se\/wp-json\/wp\/v2\/posts\/178167\/revisions"}],"wp:featuredmedia":[{"embeddable":true,"href":"https:\/\/www.europesays.com\/se\/wp-json\/wp\/v2\/media\/178168"}],"wp:attachment":[{"href":"https:\/\/www.europesays.com\/se\/wp-json\/wp\/v2\/media?parent=178167"}],"wp:term":[{"taxonomy":"category","embeddable":true,"href":"https:\/\/www.europesays.com\/se\/wp-json\/wp\/v2\/categories?post=178167"},{"taxonomy":"post_tag","embeddable":true,"href":"https:\/\/www.europesays.com\/se\/wp-json\/wp\/v2\/tags?post=178167"}],"curies":[{"name":"wp","href":"https:\/\/api.w.org\/{rel}","templated":true}]}}