{"id":17881,"date":"2025-08-31T05:16:26","date_gmt":"2025-08-31T05:16:26","guid":{"rendered":"https:\/\/www.europesays.com\/se\/17881\/"},"modified":"2025-08-31T05:16:26","modified_gmt":"2025-08-31T05:16:26","slug":"lana-del-rey-om-brollopet-jagades-med-dronare","status":"publish","type":"post","link":"https:\/\/www.europesays.com\/se\/17881\/","title":{"rendered":"Lana Del Rey om br\u00f6llopet: \u201dJagades med dr\u00f6nare\u201d"},"content":{"rendered":"<p>N\u00e4r Lana Del Rey gifte sig med Jeremy Dufrene f\u00f6r ett \u00e5r sedan skrevs rubriker i skvallerpressen om \u201dpopdrottningen som gifter sig med en ok\u00e4nd alligatorguide\u201d. Nu ber\u00e4ttar stj\u00e4rnan om tiden i en intervju med W Magazine. <\/p>\n<p>\u2013 De fl\u00f6g in dr\u00f6nare f\u00f6r att kolla p\u00e5 oss! Om jag var honom skulle jag ha varit nerv\u00f6s [&#8230;] men Jeremy var lugn, s\u00e4ger hon. <\/p>\n<p>Hon ber\u00e4ttar att maken, som jobbar med alligatorer, har en stark, trygg n\u00e4rvaro och att hon ins\u00e5g att hon \u00e4lskade honom n\u00e4stan direkt n\u00e4r de f\u00f6rst tr\u00e4ffades. I intervjun ber\u00e4ttar hon ocks\u00e5 om deras, kanske ov\u00e4ntade, gemensamma intresse: att sitta i bilen p\u00e5 tomma parkeringsplatser hemma i Lousiana. <\/p>\n<p>L\u00e4s hela intervjun via l\u00e4nken nedan. <\/p>\n<p>Under rubriken \u201dIntervjuer\u201d rekommenderar Omni-redaktionen under helgen n\u00e5gra intressanta intervjuer med personer fr\u00e5n flera vitt skilda branscher.<\/p>\n<p>Svepen \u00e4r en del av Omnis helgsatsning med rekommendationer p\u00e5 l\u00e4sv\u00e4rda, aktuella och intressanta recensioner och intervjuer som publiceras varje helg.<\/p>\n<p>Omni \u00e4r politiskt obundna och oberoende. Vi str\u00e4var efter att ge fler perspektiv p\u00e5 nyheterna. Har du fr\u00e5gor eller synpunkter kring v\u00e5r rapportering? <a href=\"https:\/\/omni.se\/lana-del-rey-om-brollopet-jagades-med-dronare\/a\/mailto:redaktion@omni.se\" class=\"ArticleActions_contactLink__W2F1M\" rel=\"nofollow noopener\" target=\"_blank\">Kontakta redaktionen<\/a><\/p>\n","protected":false},"excerpt":{"rendered":"N\u00e4r Lana Del Rey gifte sig med Jeremy Dufrene f\u00f6r ett \u00e5r sedan skrevs rubriker i skvallerpressen om&hellip;\n","protected":false},"author":2,"featured_media":17882,"comment_status":"","ping_status":"","sticky":false,"template":"","format":"standard","meta":{"footnotes":""},"categories":[67],"tags":[104,270,2266,172,34,31,33,32,30,105],"class_list":{"0":"post-17881","1":"post","2":"type-post","3":"status-publish","4":"format-standard","5":"has-post-thumbnail","7":"category-underhallning","8":"tag-entertainment","9":"tag-helg","10":"tag-lana-del-rey","11":"tag-musik","12":"tag-se","13":"tag-svenska","14":"tag-sverige","15":"tag-sweden","16":"tag-swedish","17":"tag-underhallning"},"share_on_mastodon":{"url":"","error":""},"_links":{"self":[{"href":"https:\/\/www.europesays.com\/se\/wp-json\/wp\/v2\/posts\/17881","targetHints":{"allow":["GET"]}}],"collection":[{"href":"https:\/\/www.europesays.com\/se\/wp-json\/wp\/v2\/posts"}],"about":[{"href":"https:\/\/www.europesays.com\/se\/wp-json\/wp\/v2\/types\/post"}],"author":[{"embeddable":true,"href":"https:\/\/www.europesays.com\/se\/wp-json\/wp\/v2\/users\/2"}],"replies":[{"embeddable":true,"href":"https:\/\/www.europesays.com\/se\/wp-json\/wp\/v2\/comments?post=17881"}],"version-history":[{"count":0,"href":"https:\/\/www.europesays.com\/se\/wp-json\/wp\/v2\/posts\/17881\/revisions"}],"wp:featuredmedia":[{"embeddable":true,"href":"https:\/\/www.europesays.com\/se\/wp-json\/wp\/v2\/media\/17882"}],"wp:attachment":[{"href":"https:\/\/www.europesays.com\/se\/wp-json\/wp\/v2\/media?parent=17881"}],"wp:term":[{"taxonomy":"category","embeddable":true,"href":"https:\/\/www.europesays.com\/se\/wp-json\/wp\/v2\/categories?post=17881"},{"taxonomy":"post_tag","embeddable":true,"href":"https:\/\/www.europesays.com\/se\/wp-json\/wp\/v2\/tags?post=17881"}],"curies":[{"name":"wp","href":"https:\/\/api.w.org\/{rel}","templated":true}]}}