{"id":17924,"date":"2025-08-31T06:26:16","date_gmt":"2025-08-31T06:26:16","guid":{"rendered":"https:\/\/www.europesays.com\/se\/17924\/"},"modified":"2025-08-31T06:26:16","modified_gmt":"2025-08-31T06:26:16","slug":"har-aldrig-lyssnat-pa-experter","status":"publish","type":"post","link":"https:\/\/www.europesays.com\/se\/17924\/","title":{"rendered":"\u201dHar aldrig lyssnat p\u00e5 experter\u201d"},"content":{"rendered":"<p>Den amerikanske h\u00e4lsoministern Robert F Kennedy Jr har sedan han tilltr\u00e4dde aldrig l\u00e5tit sig informeras om smittsamma sjukdomar som m\u00e4ssling, covid och influensa av experter p\u00e5 smittskyddsmyndigheten CDC. Det s\u00e4ger Demetre Daskalakis, tidigare chef f\u00f6r National Center for Immunization and Respiratory Diseases, en underenhet inom CDC, i en intervju med CNN.<\/p>\n<p>\u2013 Han kanske har alternativa experter som han lyssnar mer p\u00e5 \u00e4n experterna p\u00e5 CDC, som resten av v\u00e4rlden anser \u00e4r de fr\u00e4msta inom de h\u00e4r omr\u00e5dena, s\u00e4ger Daskalakis. <\/p>\n<p>Han s\u00e4ger ocks\u00e5 att CDC flera g\u00e5nger erbjudit sig att informera Kennedy, men att han avb\u00f6jt. <\/p>\n<p>Daskalakis l\u00e4mnade nyligen sin post i protest mot att Kennedy sparkade CDC-chefen Susan Monarez sedan hon motsatt sig hans icke vetenskapligt f\u00f6rankrade vaccinpolitik. <\/p>\n<p>Omni \u00e4r politiskt obundna och oberoende. Vi str\u00e4var efter att ge fler perspektiv p\u00e5 nyheterna. Har du fr\u00e5gor eller synpunkter kring v\u00e5r rapportering? <a href=\"https:\/\/omni.se\/ny-kritik-mot-rfk-har-aldrig-lyssnat-pa-sina-egna-experter\/a\/mailto:redaktion@omni.se\" class=\"ArticleActions_contactLink__W2F1M\" rel=\"nofollow noopener\" target=\"_blank\">Kontakta redaktionen<\/a><\/p>\n","protected":false},"excerpt":{"rendered":"Den amerikanske h\u00e4lsoministern Robert F Kennedy Jr har sedan han tilltr\u00e4dde aldrig l\u00e5tit sig informeras om smittsamma sjukdomar&hellip;\n","protected":false},"author":2,"featured_media":17925,"comment_status":"","ping_status":"","sticky":false,"template":"","format":"standard","meta":{"footnotes":""},"categories":[66],"tags":[387,268,2268,80,78,79,34,31,33,32,30,81,84,386,74,83,82],"class_list":{"0":"post-17924","1":"post","2":"type-post","3":"status-publish","4":"format-standard","5":"has-post-thumbnail","7":"category-vetenskap-och-teknik","8":"tag-amerikansk-politik","9":"tag-nordamerika","10":"tag-robert-f-kennedy-jr","11":"tag-science","12":"tag-science-and-technology","13":"tag-scienceandtechnology","14":"tag-se","15":"tag-svenska","16":"tag-sverige","17":"tag-sweden","18":"tag-swedish","19":"tag-technology","20":"tag-teknik","21":"tag-trumps-usa","22":"tag-usa","23":"tag-vetenskap","24":"tag-vetenskapteknik"},"share_on_mastodon":{"url":"","error":""},"_links":{"self":[{"href":"https:\/\/www.europesays.com\/se\/wp-json\/wp\/v2\/posts\/17924","targetHints":{"allow":["GET"]}}],"collection":[{"href":"https:\/\/www.europesays.com\/se\/wp-json\/wp\/v2\/posts"}],"about":[{"href":"https:\/\/www.europesays.com\/se\/wp-json\/wp\/v2\/types\/post"}],"author":[{"embeddable":true,"href":"https:\/\/www.europesays.com\/se\/wp-json\/wp\/v2\/users\/2"}],"replies":[{"embeddable":true,"href":"https:\/\/www.europesays.com\/se\/wp-json\/wp\/v2\/comments?post=17924"}],"version-history":[{"count":0,"href":"https:\/\/www.europesays.com\/se\/wp-json\/wp\/v2\/posts\/17924\/revisions"}],"wp:featuredmedia":[{"embeddable":true,"href":"https:\/\/www.europesays.com\/se\/wp-json\/wp\/v2\/media\/17925"}],"wp:attachment":[{"href":"https:\/\/www.europesays.com\/se\/wp-json\/wp\/v2\/media?parent=17924"}],"wp:term":[{"taxonomy":"category","embeddable":true,"href":"https:\/\/www.europesays.com\/se\/wp-json\/wp\/v2\/categories?post=17924"},{"taxonomy":"post_tag","embeddable":true,"href":"https:\/\/www.europesays.com\/se\/wp-json\/wp\/v2\/tags?post=17924"}],"curies":[{"name":"wp","href":"https:\/\/api.w.org\/{rel}","templated":true}]}}