{"id":17936,"date":"2025-08-31T06:49:07","date_gmt":"2025-08-31T06:49:07","guid":{"rendered":"https:\/\/www.europesays.com\/se\/17936\/"},"modified":"2025-08-31T06:49:07","modified_gmt":"2025-08-31T06:49:07","slug":"ois-forvandling-nara-uppflyttning-till-allsvenskan-fotboll","status":"publish","type":"post","link":"https:\/\/www.europesays.com\/se\/17936\/","title":{"rendered":"\u00d6is f\u00f6rvandling \u2013 n\u00e4ra uppflyttning till allsvenskan | Fotboll"},"content":{"rendered":"<p>Publicerad 31 aug 2025 kl 08.29<\/p>\n<p>PremiumP\u00e5 v\u00e4g ur serien flera \u00e5r i rad.<\/p>\n<p>Men nu skiner solen \u00e4ntligen p\u00e5 \u00d6isg\u00e5rden igen och uppflyttning till allsvenskan h\u00e4grar f\u00f6r f\u00f6rsta g\u00e5ngen p\u00e5 sexton \u00e5r.<\/p>\n<p>\u2013 Jag vill inte ens t\u00e4nka p\u00e5 det \u00e4n, s\u00e4ger \u00d6islegendaren Marcus Allb\u00e4ck.<\/p>\n<p>Samtidigt pekar flera nuvarande spelare ut orsaken bakom f\u00f6rvandlingen under Andreas Holmbergs ledning.<\/p>\n<p><img   alt=\"\"\/>\u00d6ppna bild i helsk\u00e4rm<\/p>\n","protected":false},"excerpt":{"rendered":"Publicerad 31 aug 2025 kl 08.29 PremiumP\u00e5 v\u00e4g ur serien flera \u00e5r i rad. Men nu skiner solen&hellip;\n","protected":false},"author":2,"featured_media":17937,"comment_status":"","ping_status":"","sticky":false,"template":"","format":"standard","meta":{"footnotes":""},"categories":[68],"tags":[216,103,34,129,111,110,31,33,32,30],"class_list":{"0":"post-17936","1":"post","2":"type-post","3":"status-publish","4":"format-standard","5":"has-post-thumbnail","7":"category-sport","8":"tag-organization-orgryte-is","9":"tag-premium","10":"tag-se","11":"tag-sections-fotboll","12":"tag-sport","13":"tag-sports","14":"tag-svenska","15":"tag-sverige","16":"tag-sweden","17":"tag-swedish"},"share_on_mastodon":{"url":"","error":""},"_links":{"self":[{"href":"https:\/\/www.europesays.com\/se\/wp-json\/wp\/v2\/posts\/17936","targetHints":{"allow":["GET"]}}],"collection":[{"href":"https:\/\/www.europesays.com\/se\/wp-json\/wp\/v2\/posts"}],"about":[{"href":"https:\/\/www.europesays.com\/se\/wp-json\/wp\/v2\/types\/post"}],"author":[{"embeddable":true,"href":"https:\/\/www.europesays.com\/se\/wp-json\/wp\/v2\/users\/2"}],"replies":[{"embeddable":true,"href":"https:\/\/www.europesays.com\/se\/wp-json\/wp\/v2\/comments?post=17936"}],"version-history":[{"count":0,"href":"https:\/\/www.europesays.com\/se\/wp-json\/wp\/v2\/posts\/17936\/revisions"}],"wp:featuredmedia":[{"embeddable":true,"href":"https:\/\/www.europesays.com\/se\/wp-json\/wp\/v2\/media\/17937"}],"wp:attachment":[{"href":"https:\/\/www.europesays.com\/se\/wp-json\/wp\/v2\/media?parent=17936"}],"wp:term":[{"taxonomy":"category","embeddable":true,"href":"https:\/\/www.europesays.com\/se\/wp-json\/wp\/v2\/categories?post=17936"},{"taxonomy":"post_tag","embeddable":true,"href":"https:\/\/www.europesays.com\/se\/wp-json\/wp\/v2\/tags?post=17936"}],"curies":[{"name":"wp","href":"https:\/\/api.w.org\/{rel}","templated":true}]}}