{"id":17945,"date":"2025-08-31T06:59:33","date_gmt":"2025-08-31T06:59:33","guid":{"rendered":"https:\/\/www.europesays.com\/se\/17945\/"},"modified":"2025-08-31T06:59:33","modified_gmt":"2025-08-31T06:59:33","slug":"svensk-kommentators-ord-om-isak-blev-varldsnyhet","status":"publish","type":"post","link":"https:\/\/www.europesays.com\/se\/17945\/","title":{"rendered":"Svensk kommentators ord om Isak blev v\u00e4rldsnyhet"},"content":{"rendered":"<p>Viaplays kommentator Claes Andersson skapade stor uppst\u00e5ndelse n\u00e4r han kommenterade Leeds-Newcastle p\u00e5 l\u00f6rdagen. Andersson kom d\u00e5 in p\u00e5 ryktet om att Newcastles svenskstj\u00e4rna Alexander Isak \u00e4r p\u00e5 v\u00e4g till Liverpool.<\/p>\n<p>\u2013 Alexander Isak ska tydligen ha varit p\u00e5 tr\u00e4ningsanl\u00e4ggningen samtidigt som \u00f6vriga laget. Misst\u00e4nker att det var f\u00f6r att komma ner och s\u00e4ga hej d\u00e5, sa Andersson.<\/p>\n<p>Kommentaren spreds snabbt p\u00e5 X och \u00e5tergavs av konton \u00f6ver hela v\u00e4rlden. Mot slutet av matchen hade den n\u00e5tt den samlade pressk\u00e5ren som st\u00e4llde fr\u00e5gan till Newcastles tr\u00e4nare Eddie Howe. Howe sa d\u00e5 att han inte hade n\u00e5gon k\u00e4nnedom om ett s\u00e5dant m\u00f6te, skriver Sportbladet.<\/p>\n<p>Omni \u00e4r politiskt obundna och oberoende. Vi str\u00e4var efter att ge fler perspektiv p\u00e5 nyheterna. Har du fr\u00e5gor eller synpunkter kring v\u00e5r rapportering? <a href=\"https:\/\/omni.se\/svenske-kommentatorns-ord-om-isak-blev-varldsnyhet\/a\/mailto:redaktion@omni.se\" class=\"ArticleActions_contactLink__W2F1M\" rel=\"nofollow noopener\" target=\"_blank\">Kontakta redaktionen<\/a><\/p>\n","protected":false},"excerpt":{"rendered":"Viaplays kommentator Claes Andersson skapade stor uppst\u00e5ndelse n\u00e4r han kommenterade Leeds-Newcastle p\u00e5 l\u00f6rdagen. Andersson kom d\u00e5 in p\u00e5&hellip;\n","protected":false},"author":2,"featured_media":17946,"comment_status":"","ping_status":"","sticky":false,"template":"","format":"standard","meta":{"footnotes":""},"categories":[5],"tags":[137,22,23,2274,26,27,138,17,21,24,25,341,28,29,139,15,16,18,34,31,33,32,30,19,20,2275],"class_list":{"0":"post-17945","1":"post","2":"type-post","3":"status-publish","4":"format-standard","5":"has-post-thumbnail","7":"category-rubriker","8":"tag-alexander-isak","9":"tag-breaking-news","10":"tag-breakingnews","11":"tag-claes-andersson","12":"tag-featured-news","13":"tag-featurednews","14":"tag-fotboll","15":"tag-headlines","16":"tag-huvudnyheter","17":"tag-latest-news","18":"tag-latestnews","19":"tag-liverpool-fc","20":"tag-main-news","21":"tag-mainnews","22":"tag-newcastle-united-fc","23":"tag-news","24":"tag-nyheter","25":"tag-rubriker","26":"tag-se","27":"tag-svenska","28":"tag-sverige","29":"tag-sweden","30":"tag-swedish","31":"tag-top-stories","32":"tag-topstories","33":"tag-viaplay"},"share_on_mastodon":{"url":"","error":""},"_links":{"self":[{"href":"https:\/\/www.europesays.com\/se\/wp-json\/wp\/v2\/posts\/17945","targetHints":{"allow":["GET"]}}],"collection":[{"href":"https:\/\/www.europesays.com\/se\/wp-json\/wp\/v2\/posts"}],"about":[{"href":"https:\/\/www.europesays.com\/se\/wp-json\/wp\/v2\/types\/post"}],"author":[{"embeddable":true,"href":"https:\/\/www.europesays.com\/se\/wp-json\/wp\/v2\/users\/2"}],"replies":[{"embeddable":true,"href":"https:\/\/www.europesays.com\/se\/wp-json\/wp\/v2\/comments?post=17945"}],"version-history":[{"count":0,"href":"https:\/\/www.europesays.com\/se\/wp-json\/wp\/v2\/posts\/17945\/revisions"}],"wp:featuredmedia":[{"embeddable":true,"href":"https:\/\/www.europesays.com\/se\/wp-json\/wp\/v2\/media\/17946"}],"wp:attachment":[{"href":"https:\/\/www.europesays.com\/se\/wp-json\/wp\/v2\/media?parent=17945"}],"wp:term":[{"taxonomy":"category","embeddable":true,"href":"https:\/\/www.europesays.com\/se\/wp-json\/wp\/v2\/categories?post=17945"},{"taxonomy":"post_tag","embeddable":true,"href":"https:\/\/www.europesays.com\/se\/wp-json\/wp\/v2\/tags?post=17945"}],"curies":[{"name":"wp","href":"https:\/\/api.w.org\/{rel}","templated":true}]}}