{"id":179517,"date":"2026-03-02T17:31:12","date_gmt":"2026-03-02T17:31:12","guid":{"rendered":"https:\/\/www.europesays.com\/se\/179517\/"},"modified":"2026-03-02T17:31:12","modified_gmt":"2026-03-02T17:31:12","slug":"s-konsulara-enhet-gar-upp-i-stabslage","status":"publish","type":"post","link":"https:\/\/www.europesays.com\/se\/179517\/","title":{"rendered":"s konsul\u00e4ra enhet g\u00e5r upp i stabsl\u00e4ge"},"content":{"rendered":"<p>Utrikesdepartementets konsul\u00e4ra enhet g\u00e5r upp i stabsl\u00e4ge med anledning av de strandsatta svenskarna i Dubai och Qatar. Det framg\u00e5r i ett internt mejl som DN har tagit del av. <\/p>\n<p>Syftet med krisorganisationen \u00e4r att enklare kunna \u201dstrukturera arbetet\u201d under de upptrappade striderna i Mellan\u00f6stern och gulfstaterna. <\/p>\n<p>\u201cBeslutet beh\u00f6ver inte kommuniceras externt d\u00e5 det riskerar att vara \u2019krisdrivande\u201d, skriver enhetschefen Svante Liljegren i mejlet.<\/p>\n<p>Beslutet g\u00e4ller fr\u00e5n 12.00 p\u00e5 m\u00e5ndagen. <\/p>\n<p>Omni \u00e4r politiskt obundna och oberoende. Vi str\u00e4var efter att ge fler perspektiv p\u00e5 nyheterna. Har du fr\u00e5gor eller synpunkter kring v\u00e5r rapportering? <a href=\"https:\/\/omni.se\/uppgift-ud-s-konsulara-enhet-gar-upp-i-stabslage\/a\/mailto:redaktion@omni.se\" class=\"ArticleActions_contactLink__W2F1M\" rel=\"nofollow noopener\" target=\"_blank\">Kontakta redaktionen<\/a><\/p>\n","protected":false},"excerpt":{"rendered":"Utrikesdepartementets konsul\u00e4ra enhet g\u00e5r upp i stabsl\u00e4ge med anledning av de strandsatta svenskarna i Dubai och Qatar. Det&hellip;\n","protected":false},"author":2,"featured_media":179518,"comment_status":"","ping_status":"","sticky":false,"template":"","format":"standard","meta":{"footnotes":"","_share_on_mastodon":"0"},"categories":[5],"tags":[22,23,3246,26,27,17,21,1530,24,25,28,29,124,125,15,16,1488,18,34,31,33,32,30,19,20,4761,552],"class_list":["post-179517","post","type-post","status-publish","format-standard","has-post-thumbnail","category-rubriker","tag-breaking-news","tag-breakingnews","tag-dubai","tag-featured-news","tag-featurednews","tag-headlines","tag-huvudnyheter","tag-iran","tag-latest-news","tag-latestnews","tag-main-news","tag-mainnews","tag-mellanostern","tag-mellanosternkrisen","tag-news","tag-nyheter","tag-qatar","tag-rubriker","tag-se","tag-svenska","tag-sverige","tag-sweden","tag-swedish","tag-top-stories","tag-topstories","tag-utrikesdepartementet","tag-utrikespolitik"],"share_on_mastodon":{"url":"https:\/\/pubeurope.com\/@se\/116160776480628101","error":""},"_links":{"self":[{"href":"https:\/\/www.europesays.com\/se\/wp-json\/wp\/v2\/posts\/179517","targetHints":{"allow":["GET"]}}],"collection":[{"href":"https:\/\/www.europesays.com\/se\/wp-json\/wp\/v2\/posts"}],"about":[{"href":"https:\/\/www.europesays.com\/se\/wp-json\/wp\/v2\/types\/post"}],"author":[{"embeddable":true,"href":"https:\/\/www.europesays.com\/se\/wp-json\/wp\/v2\/users\/2"}],"replies":[{"embeddable":true,"href":"https:\/\/www.europesays.com\/se\/wp-json\/wp\/v2\/comments?post=179517"}],"version-history":[{"count":0,"href":"https:\/\/www.europesays.com\/se\/wp-json\/wp\/v2\/posts\/179517\/revisions"}],"wp:featuredmedia":[{"embeddable":true,"href":"https:\/\/www.europesays.com\/se\/wp-json\/wp\/v2\/media\/179518"}],"wp:attachment":[{"href":"https:\/\/www.europesays.com\/se\/wp-json\/wp\/v2\/media?parent=179517"}],"wp:term":[{"taxonomy":"category","embeddable":true,"href":"https:\/\/www.europesays.com\/se\/wp-json\/wp\/v2\/categories?post=179517"},{"taxonomy":"post_tag","embeddable":true,"href":"https:\/\/www.europesays.com\/se\/wp-json\/wp\/v2\/tags?post=179517"}],"curies":[{"name":"wp","href":"https:\/\/api.w.org\/{rel}","templated":true}]}}