{"id":17955,"date":"2025-08-31T07:10:17","date_gmt":"2025-08-31T07:10:17","guid":{"rendered":"https:\/\/www.europesays.com\/se\/17955\/"},"modified":"2025-08-31T07:10:17","modified_gmt":"2025-08-31T07:10:17","slug":"brot-sig-in-i-villa-ranade-och-misshandlade-par","status":"publish","type":"post","link":"https:\/\/www.europesays.com\/se\/17955\/","title":{"rendered":"Br\u00f6t sig in i villa \u2013 r\u00e5nade och misshandlade par"},"content":{"rendered":"<p>Tv\u00e5 maskerade personer har brutit sig in i en villa i Rinkebyholm i Kalmar. D\u00e4r har de misshandlat boende och tagit v\u00e4rdesaker innan de flytt fr\u00e5n platsen, skriver polisen p\u00e5 sin hemsida. <\/p>\n<p>\u201dMisshandeln har best\u00e5tt i sparkar och slag. G\u00e4rningsm\u00e4nnen har \u00e4ven hotat med ett vapenliknande f\u00f6rem\u00e5l\u201d, forts\u00e4tter man. <\/p>\n<p>I nul\u00e4get har ingen gripits i \u00e4rendet, rubriceringen \u00e4r grovt r\u00e5n. Paret som bor i villan har f\u00f6rts till sjukhus med ambulans.<\/p>\n<p>Omni \u00e4r politiskt obundna och oberoende. Vi str\u00e4var efter att ge fler perspektiv p\u00e5 nyheterna. Har du fr\u00e5gor eller synpunkter kring v\u00e5r rapportering? <a href=\"https:\/\/omni.se\/brot-sig-in-i-villa-misshandlade-och-ranade-par\/a\/mailto:redaktion@omni.se\" class=\"ArticleActions_contactLink__W2F1M\" rel=\"nofollow noopener\" target=\"_blank\">Kontakta redaktionen<\/a><\/p>\n","protected":false},"excerpt":{"rendered":"Tv\u00e5 maskerade personer har brutit sig in i en villa i Rinkebyholm i Kalmar. D\u00e4r har de misshandlat&hellip;\n","protected":false},"author":2,"featured_media":17956,"comment_status":"","ping_status":"","sticky":false,"template":"","format":"standard","meta":{"footnotes":""},"categories":[14],"tags":[22,23,128,26,27,17,21,2276,1335,24,25,28,29,15,16,18,34,31,33,32,30,19,20,51,52,53,54],"class_list":{"0":"post-17955","1":"post","2":"type-post","3":"status-publish","4":"format-standard","5":"has-post-thumbnail","7":"category-varlden","8":"tag-breaking-news","9":"tag-breakingnews","10":"tag-brott","11":"tag-featured-news","12":"tag-featurednews","13":"tag-headlines","14":"tag-huvudnyheter","15":"tag-kalmar","16":"tag-kalmar-lan","17":"tag-latest-news","18":"tag-latestnews","19":"tag-main-news","20":"tag-mainnews","21":"tag-news","22":"tag-nyheter","23":"tag-rubriker","24":"tag-se","25":"tag-svenska","26":"tag-sverige","27":"tag-sweden","28":"tag-swedish","29":"tag-top-stories","30":"tag-topstories","31":"tag-varlden","32":"tag-world","33":"tag-world-news","34":"tag-worldnews"},"share_on_mastodon":{"url":"","error":""},"_links":{"self":[{"href":"https:\/\/www.europesays.com\/se\/wp-json\/wp\/v2\/posts\/17955","targetHints":{"allow":["GET"]}}],"collection":[{"href":"https:\/\/www.europesays.com\/se\/wp-json\/wp\/v2\/posts"}],"about":[{"href":"https:\/\/www.europesays.com\/se\/wp-json\/wp\/v2\/types\/post"}],"author":[{"embeddable":true,"href":"https:\/\/www.europesays.com\/se\/wp-json\/wp\/v2\/users\/2"}],"replies":[{"embeddable":true,"href":"https:\/\/www.europesays.com\/se\/wp-json\/wp\/v2\/comments?post=17955"}],"version-history":[{"count":0,"href":"https:\/\/www.europesays.com\/se\/wp-json\/wp\/v2\/posts\/17955\/revisions"}],"wp:featuredmedia":[{"embeddable":true,"href":"https:\/\/www.europesays.com\/se\/wp-json\/wp\/v2\/media\/17956"}],"wp:attachment":[{"href":"https:\/\/www.europesays.com\/se\/wp-json\/wp\/v2\/media?parent=17955"}],"wp:term":[{"taxonomy":"category","embeddable":true,"href":"https:\/\/www.europesays.com\/se\/wp-json\/wp\/v2\/categories?post=17955"},{"taxonomy":"post_tag","embeddable":true,"href":"https:\/\/www.europesays.com\/se\/wp-json\/wp\/v2\/tags?post=17955"}],"curies":[{"name":"wp","href":"https:\/\/api.w.org\/{rel}","templated":true}]}}