{"id":17957,"date":"2025-08-31T07:13:21","date_gmt":"2025-08-31T07:13:21","guid":{"rendered":"https:\/\/www.europesays.com\/se\/17957\/"},"modified":"2025-08-31T07:13:21","modified_gmt":"2025-08-31T07:13:21","slug":"ulf-kristersson-gor-ratt-som-vander-om-israel","status":"publish","type":"post","link":"https:\/\/www.europesays.com\/se\/17957\/","title":{"rendered":"Ulf Kristersson g\u00f6r r\u00e4tt som v\u00e4nder om Israel"},"content":{"rendered":"<p>Patrik Kronqvist<\/p>\n<p>Publicerad 30 aug 2025 kl 07.00Uppdaterad kl 11.47<\/p>\n<p>Ulf Kristersson g\u00f6r r\u00e4tt som markerar mot Israels krigf\u00f6ring. Han kan ta l\u00e4tt p\u00e5 kritiken fr\u00e5n Sverigedemokraterna.<\/p>\n<p><img   alt=\"\"\/><\/p>\n<p>Statsminister Ulf Kristersson v\u00e4nde om Israel.<\/p>\n<p>Foto: PELLE T NILSSON \/ SPA SPA | SWEDISH PRESS AGENCY<\/p>\n<p>\u00d6ppna bild i helsk\u00e4rm<img loading=\"lazy\"   alt=\"\"\/><\/p>\n<p>SD-ledaren Jimmie \u00c5kesson<\/p>\n<p>Foto: PELLE T NILSSON \/ SPA SPA | SWEDISH PRESS AGENCY<\/p>\n<p>\u00d6ppna bild i helsk\u00e4rm<img loading=\"lazy\"   alt=\"\"\/><\/p>\n<p>Protester i Israel mot Benjamin Netanyahus politik.<\/p>\n<p>Foto: EYAL WARSHAVSKY \/ STELLA PICTURES\/ZUMA PRESS ZUMA PRESS<\/p>\n<p>\u00d6ppna bild i helsk\u00e4rm<\/p>\n<p>Detta \u00e4r en kr\u00f6nika fr\u00e5n Expressens ledarredaktion. Expressens politiska h\u00e5llning \u00e4r liberal.<\/p>\n<p><img   alt=\"\"\/>Patrik Kronqvist<\/p>\n<p>Man vinner inga val p\u00e5 utrikespolitik \u2013 men man kan f\u00f6rlora dem. Det klassiska uttrycket har aktualiserats av striden inom h\u00f6gern om Israelpolitiken.<\/p>\n<p>Flera opinionsm\u00e4tningar i veckan visar att s\u00e5v\u00e4l Moderaterna som <a href=\"https:\/\/www.expressen.se\/tagg\/person\/ulf-kristersson\/\" class=\"\" rel=\"nofollow noopener\" target=\"_blank\">Ulf Kristersson<\/a> personligen har tappat f\u00f6rtroende under sommaren. Flera bed\u00f6mare menar att kurs\u00e4ndringen gentemot Israel \u00e4r en viktig f\u00f6rklaring.<\/p>\n<p><strong>Det var i slutet av juli som regeringen meddelade att man vill frysa EU:s handelsavtal med Israel, f\u00f6r att pressa landet att sl\u00e4ppa in n\u00f6dhj\u00e4lp till Gaza.<\/strong><\/p>\n<p>Fotbytet har kritiserats indirekt av vice statsminister Ebba Busch (\u201dd\u00e5lig kommunikation\u201d) och \u00f6ppet av SD-ledaren Jimmie \u00c5kesson (\u201dett haveri\u201d).\u00a0<\/p>\n<p>Ulf Kristersson b\u00f6r inte ta \u00e5t sig av kritiken. Det \u00e4r r\u00e4tt att f\u00f6r\u00e4ndra politiken gentemot Israel \u2013 b\u00e5de i sak och rent v\u00e4ljartaktiskt.<\/p>\n<p>Sakpolitiken \u00e4r viktigast. \u00a0<\/p>\n<p>Massakrerna i Israel den 7 oktober 2023 var fasansfulla. Kriget som f\u00f6ljde gick inte att undvika och ansvaret f\u00f6r det ligger p\u00e5 Hamas. Israel har b\u00e5de r\u00e4tt och skyldighet att f\u00f6rsvara sin befolkning.\u00a0<\/p>\n<p>Under striderna har Israel ocks\u00e5 uppn\u00e5tt viktiga segrar. Ledarskapet f\u00f6r Hamas har decimerats, Hizbollahs grepp \u00f6ver Libanon f\u00f6rsvagats och Irans inflytande \u00f6ver regionen kraftigt minskat.<\/p>\n<p>Men snart tv\u00e5 \u00e5r in i kriget \u00e4r det sv\u00e5rt att se vilka m\u00e5ls\u00e4ttningar Israel vill uppn\u00e5 med att forts\u00e4tta kriga. M\u00e5let om att krossa Hamas \u00e4r inte realistiskt, enligt flera milit\u00e4ra bed\u00f6mare. Och frigivning av gisslan kan ske f\u00f6rst n\u00e4r vapnen tystnat.\u00a0<\/p>\n<p><strong>Det \u00e4r uppenbart att premi\u00e4rminister Benjamin Netanyahu har personliga drivkrafter f\u00f6r sitt agerande. Genom att f\u00f6rkasta f\u00f6rslag till vapenvilor kan han blidka sina extrema koalitionspartners, klamra sig kvar vid makten och p\u00e5 olika s\u00e4tt f\u00f6rhala sin r\u00e4tteg\u00e5ng om korruption.<\/strong><\/p>\n<p>Men ju l\u00e4ngre kriget p\u00e5g\u00e5r desto mer oproportionerlig framst\u00e5r den israeliska krigf\u00f6ringen. Lidandet f\u00f6r civilbefolkningen \u00e4r obeskrivligt. Matsituationen \u00e4r mycket anstr\u00e4ngd \u2013 vilket delvis beror p\u00e5 att Israel strypt tillf\u00f6rseln av f\u00f6rn\u00f6denheter och f\u00f6rsv\u00e5rat utdelningen.\u00a0<\/p>\n<p>Nu planerar Israel dessutom en stormning av Gaza stad, n\u00e5got som skulle f\u00f6rv\u00e4rra den humanit\u00e4ra situationen ytterligare.<\/p>\n<p>Det finns ingen mots\u00e4ttning mellan att vara Israelv\u00e4n och att trycka p\u00e5 f\u00f6r att den israeliska regeringen i st\u00e4llet ska verka f\u00f6r vapenvila, frigivning av gisslan, n\u00f6dhj\u00e4lp till Gaza och stopp f\u00f6r \u00f6vergreppen p\u00e5 V\u00e4stbanken.\u00a0<\/p>\n<blockquote><p>Om Tid\u00f6partierna ska kunna vinna valet beh\u00f6ver man d\u00e4remot locka v\u00e4ljare \u00f6ver blockgr\u00e4nsen.<\/p><\/blockquote>\n<p>Tv\u00e4rtom. Det \u00e4r krav som m\u00e5nga israeler demonstrerar f\u00f6r dagligen. Att bli en pariastat \u00e4r sannerligen inte i staten Israels l\u00e5ngsiktiga s\u00e4kerhetsintresse.<\/p>\n<p>Annons<\/p>\n<p>Regeringens positionsf\u00f6r\u00e4ndring \u00e4r r\u00e4tt ocks\u00e5 ur ett partipolitiskt perspektiv.\u00a0<\/p>\n<p>De senaste veckornas \u00f6ppna strider inom h\u00f6gern har f\u00f6rvisso visat p\u00e5 nackdelarna. Splittring mellan Tid\u00f6partierna, missn\u00f6jda partimedlemmar, sjunkande f\u00f6rtroende&#8230; Men att st\u00e5 fast vid den tidigare linjen hade sannolikt skadat regeringen \u00e4nnu mer.\u00a0<\/p>\n<p><strong>Det finns en myt om att st\u00f6det f\u00f6r Israel bland h\u00f6gerv\u00e4ljare skulle vara orubbligt. Siffrorna visar n\u00e5got annat.<\/strong><\/p>\n<p>Bland Tid\u00f6partiernas v\u00e4ljare \u00e4r ungef\u00e4r lika m\u00e5nga positiva som negativa till Israels agerande i Mellan\u00f6stern. Men trenden \u00e4r tydlig. De senaste \u00e5ren har st\u00f6det dalat hos moderater, kristdemokrater och liberaler, enligt <a href=\"https:\/\/www.svd.se\/a\/QMLmaq\/svd-demoskop-stodet-for-israels-agerande-sjunker-bland-valjare-till-hoger\" rel=\"nofollow noopener\" target=\"_blank\">Demoskop<\/a>.<\/p>\n<p>Bland M-v\u00e4ljare \u00e4r i dag mer \u00e4n h\u00e4lften negativa till Israels handlande, medan bara en fj\u00e4rdedel \u00e4r positiva. F\u00f6r regeringsfr\u00e5gan \u00e4r det strunt samma om n\u00e5gra av de sistn\u00e4mnda v\u00e4ljer KD eller SD i st\u00e4llet.<\/p>\n<p>Om Tid\u00f6partierna ska kunna vinna valet beh\u00f6ver man d\u00e4remot locka v\u00e4ljare \u00f6ver blockgr\u00e4nsen. Och bland v\u00e4nsterlutande v\u00e4ljare \u00e4r en mycket tydlig majoritet negativa till vad Israel g\u00f6r.<\/p>\n<p>En ny Israelpolitik har f\u00f6rvisso inte s\u00e5 stor potential i sig att locka marginalv\u00e4ljare. Men det \u00e4r ett allm\u00e4nt problem f\u00f6r regeringen att den uppfattas st\u00e5 allt f\u00f6r l\u00e5ngt h\u00f6gerut. En f\u00f6r\u00e4ndrad Israelpolitik \u00e4r ett s\u00e4tt att runda av kanterna.<\/p>\n<p><strong>Sverige \u00e4r l\u00e5ngtifr\u00e5n unikt. Regeringar \u00f6ver hela Europa g\u00f6r samma analys. De konstaterar att de har varit betydligt mer positivt inst\u00e4llda till Israels agerande \u00e4n de egna befolkningarna.<\/strong><\/p>\n<p>Sk\u00e4len har varit goda. Historiska allianser, sympati med Israel efter 7 oktober, en motvilja inf\u00f6r den \u00f6ppna antisemitismen i Europa&#8230; Men nu skiftar positionerna. I land efter land anpassar sig regeringarna, fr\u00e4mst till l\u00e4get p\u00e5 marken i Gaza men ocks\u00e5 till v\u00e4ljaropinionen.<\/p>\n<p>Ulf Kristersson och Maria Malmer Stenergard g\u00f6r r\u00e4tt som f\u00f6ljer med i den r\u00f6relsen. Felet \u00e4r snarare att f\u00f6r\u00e4ndringen kommer s\u00e5 sent.<\/p>\n<p><strong>L\u00c4S MER: <\/strong><a href=\"https:\/\/www.expressen.se\/ledare\/patrik-kronqvist\/kriget-i-gaza-ar-en-fara-for-israel\/\" class=\"\" rel=\"nofollow noopener\" target=\"_blank\">PATRIK KRONQVIST: Kriget i Gaza \u00e4r en fara f\u00f6r Israel<\/a><strong>L\u00c4S MER: <\/strong><a href=\"https:\/\/www.expressen.se\/ledare\/patrik-kronqvist\/muslimska-brodraskapet-ligger-bakom-judehatet\/\" class=\"\" rel=\"nofollow noopener\" target=\"_blank\">PATRIK KRONQVIST: Muslimska br\u00f6draskapet ligger bakom judehatet<\/a><\/p>\n<p>Patrik Kronqvist \u00e4r politisk redakt\u00f6r och chef f\u00f6r Expressens ledarsida. L\u00e4s fler av hans texter <a href=\"https:\/\/www.expressen.se\/av\/patrik-kronqvist\/\" rel=\"nofollow noopener\" target=\"_blank\">h\u00e4r<\/a>.<\/p>\n<p><a href=\"https:\/\/www.expressen.se\/nyhetsbrev\/\" title=\"Anm\u00e4l dig till ledarbrevet\" rel=\"nofollow noopener\" target=\"_blank\"><br \/>\n  <img decoding=\"async\" style=\"max-width:100%;display:block;\" src=\"https:\/\/www.europesays.com\/se\/wp-content\/uploads\/2025\/08\/640@60.jpg\"\/><br \/>\n<\/a><\/p>\n<p>R\u00e4ttelse: I en tidigare version stod det att Benjamin Netanyahu f\u00f6rs\u00f6ker undg\u00e5 \u00e5tal om korruption. R\u00e4tt \u00e4r att r\u00e4tteg\u00e5ngen p\u00e5g\u00e5r.<\/p>\n","protected":false},"excerpt":{"rendered":"Patrik Kronqvist Publicerad 30 aug 2025 kl 07.00Uppdaterad kl 11.47 Ulf Kristersson g\u00f6r r\u00e4tt som markerar mot Israels&hellip;\n","protected":false},"author":2,"featured_media":17958,"comment_status":"","ping_status":"","sticky":false,"template":"","format":"standard","meta":{"footnotes":""},"categories":[12],"tags":[22,23,26,27,17,21,24,25,58,28,29,15,16,874,944,530,18,34,1358,31,33,32,30,19,20],"class_list":{"0":"post-17957","1":"post","2":"type-post","3":"status-publish","4":"format-standard","5":"has-post-thumbnail","7":"category-sverige","8":"tag-breaking-news","9":"tag-breakingnews","10":"tag-featured-news","11":"tag-featurednews","12":"tag-headlines","13":"tag-huvudnyheter","14":"tag-latest-news","15":"tag-latestnews","16":"tag-location-israel","17":"tag-main-news","18":"tag-mainnews","19":"tag-news","20":"tag-nyheter","21":"tag-person-ebba-busch","22":"tag-person-jimmie-akesson","23":"tag-person-ulf-kristersson","24":"tag-rubriker","25":"tag-se","26":"tag-sections-patrikkronqvist","27":"tag-svenska","28":"tag-sverige","29":"tag-sweden","30":"tag-swedish","31":"tag-top-stories","32":"tag-topstories"},"share_on_mastodon":{"url":"","error":""},"_links":{"self":[{"href":"https:\/\/www.europesays.com\/se\/wp-json\/wp\/v2\/posts\/17957","targetHints":{"allow":["GET"]}}],"collection":[{"href":"https:\/\/www.europesays.com\/se\/wp-json\/wp\/v2\/posts"}],"about":[{"href":"https:\/\/www.europesays.com\/se\/wp-json\/wp\/v2\/types\/post"}],"author":[{"embeddable":true,"href":"https:\/\/www.europesays.com\/se\/wp-json\/wp\/v2\/users\/2"}],"replies":[{"embeddable":true,"href":"https:\/\/www.europesays.com\/se\/wp-json\/wp\/v2\/comments?post=17957"}],"version-history":[{"count":0,"href":"https:\/\/www.europesays.com\/se\/wp-json\/wp\/v2\/posts\/17957\/revisions"}],"wp:featuredmedia":[{"embeddable":true,"href":"https:\/\/www.europesays.com\/se\/wp-json\/wp\/v2\/media\/17958"}],"wp:attachment":[{"href":"https:\/\/www.europesays.com\/se\/wp-json\/wp\/v2\/media?parent=17957"}],"wp:term":[{"taxonomy":"category","embeddable":true,"href":"https:\/\/www.europesays.com\/se\/wp-json\/wp\/v2\/categories?post=17957"},{"taxonomy":"post_tag","embeddable":true,"href":"https:\/\/www.europesays.com\/se\/wp-json\/wp\/v2\/tags?post=17957"}],"curies":[{"name":"wp","href":"https:\/\/api.w.org\/{rel}","templated":true}]}}